{"id":9968,"date":"2023-09-07T21:31:48","date_gmt":"2023-09-07T21:31:48","guid":{"rendered":"https:\/\/www.georgebutunoiu.com\/blog\/?p=9968"},"modified":"2023-09-09T15:37:30","modified_gmt":"2023-09-09T15:37:30","slug":"meritocratia-in-timpul-comunistilor","status":"publish","type":"post","link":"https:\/\/www.georgebutunoiu.com\/blog\/meritocratia-in-timpul-comunistilor\/","title":{"rendered":"Meritocra\u021bia \u00een timpul comuni\u0219tilor"},"content":{"rendered":"<p>O scurt\u0103 sintez\u0103 pentru cei care nu au tr\u0103it \u00een vremea comuni\u0219tilor, o reflec\u021bie despre meritocra\u021bie \u0219i c\u00e2teva paralele cu ce vedem azi \u00een jur.<\/p>\n<p>Logica comuni\u0219tilor a fost simpl\u0103, transparent\u0103 \u0219i f\u0103r\u0103 echivoc, la vedere. Au ucis \u00een mas\u0103, au f\u0103cut toate ororile posibile, au \u00eenfiin\u021bat securitatea \u0219i toate mecanismele prin care s\u0103 ob\u021bin\u0103 controlul total asupra a orice, s-au asigurat c\u0103 pot face absolut orice, au luat orice le pl\u0103cea de la oricine, f\u0103r\u0103 discu\u021bii inutile. Au reu\u0219it \u00eentr-un timp relativ scurt tot ce \u0219i-au propus.<\/p>\n<p>Apoi, fiind convin\u0219i c\u0103 vor r\u0103m\u00e2ne la putere cel pu\u021bin o sut\u0103 de ani, cum au v\u0103zut c\u0103 \u021bine la ru\u0219i, au avut interesul evident ca economia s\u0103 mearg\u0103 bine \u0219i \u021bara s\u0103 se dezvolte \u2013 sigur, a\u0219a cum credeau ei c\u0103 e mai bine, at\u00e2t c\u00e2t le permiteau limitele sistemului dictatorial, blocada capitalismului, modelele lor economice.<\/p>\n<p>Aveau deja totul, nu mai aveau nevoie de altceva, nici nu ar fi putut avea mai mult, realist vorbind. A\u0219adar, un avantaj pentru rom\u00e2nii de atunci a fost c\u0103, av\u00e2nd deja tot \u0219i fiind convin\u0219i c\u0103 vor r\u0103m\u00e2ne \u00eentotdeauna acolo, singurul fel \u00een care comuni\u0219tii ar fi putut avea \u00eenc\u0103 \u0219i mai mult era s\u0103 dezvolte economia \u0219i \u021bara. Spre diferen\u021b\u0103 de cei de acum, care ne\u0219tiind dac\u0103 stau la putere o lun\u0103 sau un an sau doi, fur\u0103 tot ce pot acum, \u0219i dup\u0103 ei potopul. Dup\u0103 ce \u00een primii 20 de ani au exterminat fizic \u0219i marginalizat, practic, toat\u0103 elita intelectual\u0103 a Rom\u00e2niei, s-au prins c\u0103 au nevoie de ei pentru dezvoltare, a\u0219a c\u0103 \u0219i-au schimbat pozi\u021bia.<\/p>\n<p>Alt\u0103 diferen\u021b\u0103 este c\u0103 nomenclaturi\u0219tii comuni\u0219ti care aveau totul \u00een m\u00e2n\u0103 erau extrem de pu\u021bini. Era \u0219i logic, nu aveau nevoie de nou veni\u021bi care s\u0103 le dilueze puterea \u0219i influen\u021ba. La o num\u0103r\u0103toare sumar\u0103, se pare c\u0103 unul din o mie de oameni era un comunist cu putere locala sau central\u0103. \u0218i nu li se permitea s\u0103 fac\u0103 transfer de putere \u0219i de influen\u021b\u0103 c\u0103tre al\u021bii, tocmai pentru a men\u021bine puterea absolut\u0103 \u00een limitele perfect delimitate \u0219i controlabile.<\/p>\n<p>S\u0103 zicem c\u0103 fiecare dintre ace\u0219tia unu dintr-o mie avea zece apropia\u021bi care ajungeau osmotic \u0219i ei \u00een zona puterii. \u00cens\u0103 nu \u00een cea de decizie, ci mai degrab\u0103 \u00een cea cu privilegii de consum. A\u0219adar, asta \u00eensemna un rom\u00e2n din o sut\u0103, cel mult. Ceilal\u021bi 99% nu aveau nicio leg\u0103tur\u0103, erau \u00eentr-o lume complet diferit\u0103 \u0219i separat\u0103, necomunist\u0103.<\/p>\n<p>Alt avantaj pentru rom\u00e2nii de atunci a fost c\u0103, spre diferen\u021b\u0103 de cei de azi, cei 1% erau foarte clar delimita\u021bi, la vedere (cu excep\u021bia securi\u0219tilor, desigur), vizibili \u00een tot ce erau \u0219i ce f\u0103ceau. \u0218tiai cu precizie locurile \u00een care lucrau \u0219i se adunau, \u0219i le ocoleai: fiecare ora\u0219 mare avea un hotel al partidului \u00een care st\u0103teau, cu luxul de atunci, cantinele partidului, magazinele partidului cu legitima\u021bie special\u0103, vilele partidului, plajele partidului, locurile partidului la teatru \u0219i la cinema, gr\u0103dinile de legume ale partidului, p\u0103durile partidului, mistre\u021bii \u0219i ur\u0219ii partidului pentru v\u00e2n\u0103toare \u0219i cam tot ce mai aveau nevoie cei 1% ca s\u0103 tr\u0103iasc\u0103 foarte bine.<\/p>\n<p>Spre diferen\u021b\u0103 de cei de ast\u0103zi, a\u0219adar, despre care nu \u0219tii niciodat\u0103 de la ce partid \u0219i al cui protejat este, pe cine superi dac\u0103 zici ceva de r\u0103u, nu \u0219tim c\u00e2\u021bi \u0219i cine sunt, nu \u0219tim dac\u0103 unul pe care-l \u00eenju\u0103m ast\u0103zi pe fa\u021b\u0103 sau pe Internet nu va veni cumva m\u00e2ine la putere \u0219i na trimite garda financiar\u0103 pe cap&#8230;<\/p>\n<p>\u00cen \u00eentreprinderile \u0219i institu\u021biile mari erau \u00eentotdeauna c\u00e2te unul de la partid \u0219i c\u00e2te un securist, pe care \u00eei \u0219tia toat\u0103 lumea, de regul\u0103. Dar ei nu luau decizii directe, ci raportau la centru si de acolo veneau apoi ordinele.<\/p>\n<p>\u00cen rest, to\u021bi ceilal\u021bi erau ale\u0219i \u0219i numi\u021bi \u00een conducerile \u00eentreprinderilor \u0219i ale oric\u0103ror organiza\u021bii pe criterii strict profesionale \u0219i meritocratice. Excep\u021biile erau at\u00e2t de pu\u021bine \u0219i at\u00e2t de periferice, \u00eenc\u00e2t nu contau defel \u00een func\u021bionarea acelor institu\u021bii. Oricum, chiar dac\u0103 ajungea cineva cu ni\u0219te pile personale ale cuiva de la partid, dar nu cu sus\u021binerea oficial\u0103 a partidului, erau m\u0103car acceptabili, chiar dac\u0103 nu erau cei mai buni. \u00cen niciun caz ca acum, \u00een care \u00eent\u00e2lnim la tot pasul personaje sinistre \u00een posturi cheie ale statului. Dac\u0103 un comunist cu statut ar fi f\u0103cut asta, adic\u0103 dac\u0103 ar fi sprijinit un sinistru, \u0219i-ar fi periclitat propria pozi\u021bie \u00een partid. \u0218i nimeni nu ar fi vrut s\u0103 cad\u0103 de at\u00e2t de sus, nici m\u0103car pentru un neam sau o amant\u0103.<\/p>\n<p>\u00cen liceul de la Gala\u021bi, dar \u0219i mai t\u00e2rziu, la facultate, eram aproape de centrele puterii \u0219i auzeam \u0219i aflam multe. La Vasile Alecsandri, un liceu faimos \u00een toat\u0103 \u021bara atunci, erau copiii multor oameni importan\u021bi din ora\u0219 \u0219i din jude\u021b. \u0218i oric\u00e2t de pu\u021bin a\u021bi crede acum, to\u021bi (cred c\u0103 f\u0103r\u0103 excep\u021bie, din c\u00e2te \u00eemi aduc aminte), erau educa\u021bi, de\u0219tep\u021bi, \u00eenv\u0103\u021bau bine \u0219i nu am auzit nici m\u0103car o singur\u0103 dat\u0103 pe cineva vorbind despre ei c\u0103 nu ar fi meritat s\u0103 intre la LVA.<\/p>\n<p>C\u00e2\u021biva care nu au \u021binut pasul au picat la treapt\u0103 \u0219i au trebuit s\u0103 plece la alte licee, indiferent ai cui copii erau. \u0218i invers, nu to\u021bi copiii oamenilor importan\u021bi reu\u0219eau s\u0103 intre acolo. Mai precis spus, f\u0103c\u00e2nd un mic calcul retrospectiv, cred c\u0103 mai mult de jum\u0103tate eram \u00een acel faimos liceu din familii cu totul neimportante.<\/p>\n<p>Mergeam des acas\u0103 la colegii de liceu \u0219i vorbeam mult \u0219i cu p\u0103rin\u021bii lor, importan\u021bi \u0219i neimportan\u021bi deopotriv\u0103, directori de mari \u00eentreprinderi \u0219i combinate, de spitale, de tot ce era esen\u021bial \u00een ora\u0219, dar \u0219i muncitori \u0219i orice altceva. \u0218i la fel \u0219i \u00een Bucure\u0219ti, apoi, c\u00e2nd am ajuns la facultatea grea la care au fost \u0219i doi dintre cei trei copii ai lui Ceau\u0219escu.<\/p>\n<p>Ei bine, niciodat\u0103, dar absolut niciodat\u0103 nu am auzit pe cineva spun\u00e2nd c\u0103 vreunul din \u0219efi nu era bun profesional, c\u0103 a ajuns \u00een conducere pe nemerit profesional. Cei mai buni \u0219i mai respecta\u021bi ingineri erau pu\u0219i directori la Combinatul Siderurgic, la \u0218antierul Naval, la institutele de cercet\u0103ri navale, de cercet\u0103ri alimentare, la CFR \u0219i pe unde mai erau ingineri, cei mai buni doctori conduceau spitalele, cei mai buni profesori conduceau liceele \u0219i universitatea.<\/p>\n<p>Profesorii de la liceul nostru erau printre cei mai respecta\u021bi oameni din ora\u0219 \u0219i din jude\u021b \u2013 \u00eencep\u00e2nd de c\u0103tre noi \u00een\u0219ine, elevii. \u00cen afar\u0103 de maistrul de la atelierul mecanic, securistul oficial al liceului, to\u021bi profesorii erau foarte buni \u0219i nu le-a pus nimeni, niciodat\u0103, la \u00eendoiala competen\u021ba \u0219i statura moral\u0103.<\/p>\n<p>C\u00e2nd a ie\u0219it directorul la pensie, crede\u021bi c\u0103 au pus comuni\u0219tii repede pe protejatul cuiva pe acest at\u00e2t de prestigios \u0219i de r\u00e2vnit post? Nici vorb\u0103! Fiindc\u0103 li s-a p\u0103rut c\u0103 nu e nimeni suficient de bun \u00een jude\u021b, au plecat prin \u021bar\u0103 \u0219i s-au \u00eentors cu unul de pe la Bra\u0219ov. La fel cu rectorul Universit\u0103\u021bii, au g\u0103sit unul pe la Craiova, care \u0219i-a f\u0103cut treaba foarte bine c\u00e2t a stat acolo, necontestat de nimeni \u0219i f\u0103r\u0103 o singur\u0103 vorb\u0103 de r\u0103u de la g\u0103l\u0103\u021beni.<\/p>\n<p>\u0218i chiar \u0219i \u00een satele mici \u0219i pierdute \u00een lume, cum era cel din care veneam eu, aveau grij\u0103 pe cine pun pe cele dou\u0103 posturi. Satul era prea mic pentru a avea primar, poli\u021bist, doctor sau ce mai g\u0103seai \u00eentr-o comun\u0103, a\u0219a c\u0103 cele dou\u0103 posturi-cheie erau directorul \u0219colii \u0219i pre\u0219edintele de CAP. Din sat a fost doar maic\u0103-mea, directoarea \u0219colii, singura cu facultate, dar pe pre\u0219edintele de CAP l-au adus din alt\u0103 parte \u2013 o alegere bun\u0103, pentru c\u0103 a devenit imediat o autoritate respectat\u0103 \u0219i absolut necontestat\u0103 \u00een sat, de\u0219i era un \u201evenetic\u201d.<\/p>\n<p>\u0218i Ion, prietenul meu mai mare din sat, a intrat repede \u00een aten\u021bia partidului, pentru c\u0103 era deja, \u00eenc\u0103 din \u0219coal\u0103, \u0219i apoi la liceu, la LVA, un geniu la matematic\u0103. S-a dus apoi la Electronica de la Bucure\u0219ti, pe atunci una dintre cele mai prestigioase facult\u0103\u021bi din \u021bar\u0103.<\/p>\n<p>Comuni\u0219tii din Gala\u021bi l-au contactat chiar din primii ani de facultate ca s\u0103 se asigure c\u0103 se va \u00eentoarce \u00een ora\u0219, la Combinatul Siderurgic \u2013 cu zeci de mii de angaja\u021bi, de departe cea mai mare \u00eentreprindere din Gala\u021bi, dar \u0219i din \u021bar\u0103. I-au preg\u0103tit un post important, i-au spus care vor fi urm\u0103torii pa\u0219i \u00eentr-o carier\u0103 rapid\u0103, apartament, desigur, \u0219i tot ce mai avea nevoie un b\u0103iat s\u0103rac de la \u021bar\u0103.<\/p>\n<p>\u00cen cultur\u0103, \u00eens\u0103 lucrurile nu st\u0103teau la fel ca \u00een industrie, spitale, \u00eenv\u0103\u021b\u0103m\u00e2nt \u0219i altele c\u00e2teva, \u00eentr-adev\u0103r. Acolo ierarhia era r\u0103sturnat\u0103 \u0219i \u00eemi imaginez c\u0103 mul\u021bi erau promova\u021bi exclusiv pe criterii legate de\u00a0 nivelul de compromis pe care erau dispu\u0219i s\u0103 \u00eel fac\u0103 culturii socialiste, care era o caricatur\u0103 penibil\u0103. Dar g\u00e2ndindu-m\u0103 la Atheneu, de pild\u0103, de care eram legat mai mult dec\u00e2t afectiv, director la Filarmonic\u0103 era Mihai Brediceanu, care era un muzician de nivel interna\u021bional, dirij\u00e2nd chiar mari orchestre ale lumii de atunci (aveam leg\u0103turi personale cu el \u0219i \u0219tiam multe dedesubturi). Din c\u00e2te \u0219tiu eu, era foarte respectat de toat\u0103 lumea \u0219i ni-i contesta nimeni nivelul artistic. Nu \u0219tiu cum erau promova\u021bi actorii \u00een teatre, \u00eens\u0103 to\u021bi cei din teatrele mari erau considera\u021bi buni. Dac\u0103 or fi fost unii \u00eenc\u0103 \u0219i mai buni l\u0103sa\u021bi pe dinafar\u0103, \u00eenseamn\u0103 c\u0103 aceia ar fi fost cu adev\u0103rat geniali. Probabil artele plastice au avut cel mai mult de suferit \u2013 poate ne spune \u00eentr-un comentariu cineva mai \u00een tem\u0103 cum era atunci acolo&#8230;<\/p>\n<p>\u0218i o \u00eentrebare care \u00eemi vine acum \u00een minte, pe m\u0103sur\u0103 ce scriu: cum ar putea s\u0103 fie un astfel de model de meritocra\u021bie teleportat \u00een Rom\u00e2nia de ast\u0103zi?<\/p>\n<p>Comuni\u0219tii cu statut le d\u0103deau atunci apropia\u021bilor acces la privilegiile de consum, de bun\u0103stare, de lux al vremurilor, dar foarte pu\u021bin la func\u021bii \u0219i la decizii-cheie \u00een economie \u0219i \u00een orice altceva, dac\u0103 chiar nu \u00ee\u0219i aveau locul acolo. Oare nu ne-ar fi mai bine dac\u0103 cei de la partidele de ast\u0103zi ar face la fel?<\/p>\n<p>S\u0103 zicem c\u0103 fiecare om important de partid parlamentar de ast\u0103zi (AUR, PSD, USR, PNL, UDMR, de la minorit\u0103\u021bi), ar avea dreptul s\u0103 aleag\u0103 c\u00e2te 20 de apropia\u021bi (neamuri, amante etc.) cei de la centru, c\u00e2te 10 cei din jude\u021be \u0219i din ora\u0219ele municipii, \u0219i c\u00e2te 5 cei din ora\u0219ele mai mici \u0219i din comunele mai mari, c\u0103rora s\u0103 li se pl\u0103teasc\u0103 ni\u0219te salarii foarte mari de la bugetul de stat, ca \u0219i cum ar fi pe func\u021biile pe care le vizeaz\u0103, plus sporuri \u0219i tichete de vacan\u021b\u0103, dar s\u0103 nu fac\u0103 nimic, s\u0103 stea cas\u0103, s\u0103 se plimbe, s\u0103 fac\u0103 ce vor. Dar to\u021bi acei politicieni importan\u021bi care primesc acest drept, s\u0103 fie obliga\u021bi prin Constitu\u021bie s\u0103 numeasc\u0103 \u00een posturile cheie ale statului numai oameni competen\u021bi. Oare cum ar fi? C\u00e2t s-ar cheltui \u0219i c\u00e2t s-ar \u00eencasa \u00een plus la bugetul \u021b\u0103rii? (<a href=\"http:\/\/www.gbproperties.ro\">George Butunoiu<\/a> &#8211; august 2023)<\/p>\n","protected":false},"excerpt":{"rendered":"<p>O scurt\u0103 sintez\u0103 pentru cei care nu au tr\u0103it \u00een vremea comuni\u0219tilor, o reflec\u021bie despre meritocra\u021bie \u0219i c\u00e2teva paralele cu ce vedem azi \u00een jur. Logica comuni\u0219tilor a fost simpl\u0103, transparent\u0103 \u0219i f\u0103r\u0103 echivoc, la vedere. Au ucis \u00een mas\u0103, au f\u0103cut toate ororile posibile, au \u00eenfiin\u021bat securitatea \u0219i toate mecanismele prin care s\u0103 ob\u021bin\u0103 [&hellip;]<\/p>\n","protected":false},"author":2,"featured_media":0,"comment_status":"open","ping_status":"open","sticky":false,"template":"","format":"standard","meta":{"_acf_changed":false,"footnotes":""},"categories":[2],"tags":[],"class_list":["post-9968","post","type-post","status-publish","format-standard","hentry","category-home"],"acf":{"cc_filter":[],"poza_fixa":"https:\/\/www.georgebutunoiu.com\/blog\/wp-content\/uploads\/2021\/07\/GB-cand-era-pur.jpg","url_poza_fixa":"","format_poza_fixa":"full-img-3-4","oras":"","sector":"","zona":"","in_strainatate":false,"pian":false,"orga":false,"data1":1694132492,"data2":"","afiseaza_data_post":false,"acf_sala":"","centru_cultural":"","articole_parinte":"","articole_relationate":"","coordonate":false,"tab1_nume":"Despre","tab3":false,"tab5":false,"tab4":false},"yoast_head":"<!-- This site is optimized with the Yoast SEO plugin v27.2 - https:\/\/yoast.com\/product\/yoast-seo-wordpress\/ -->\n<title>Meritocra\u021bia \u00een timpul comuni\u0219tilor - Blog GB<\/title>\n<meta name=\"description\" content=\"cum ar putea s\u0103 fie un astfel de model de meritocra\u021bie teleportat \u00een Rom\u00e2nia de ast\u0103zi?\" \/>\n<meta name=\"robots\" content=\"index, follow, max-snippet:-1, max-image-preview:large, max-video-preview:-1\" \/>\n<link rel=\"canonical\" href=\"https:\/\/www.georgebutunoiu.com\/blog\/meritocratia-in-timpul-comunistilor\/\" \/>\n<meta property=\"og:locale\" content=\"en_US\" \/>\n<meta property=\"og:type\" content=\"article\" \/>\n<meta property=\"og:title\" content=\"Meritocra\u021bia \u00een timpul comuni\u0219tilor - Blog GB\" \/>\n<meta property=\"og:description\" content=\"S\u0103 zicem c\u0103 fiecare om important de partid parlamentar de ast\u0103zi (AUR, PSD, USR, PNL, UDMR, de la minorit\u0103\u021bi), ar avea dreptul s\u0103 aleag\u0103 c\u00e2te 20 de apropia\u021bi (neamuri, amante etc.) cei de la centru, c\u00e2te 10 cei din jude\u021be \u0219i din ora\u0219ele municipii, \u0219i c\u00e2te 5 cei din ora\u0219ele mai mici \u0219i din comunele mai mari\" \/>\n<meta property=\"og:url\" content=\"https:\/\/www.georgebutunoiu.com\/blog\/meritocratia-in-timpul-comunistilor\/\" \/>\n<meta property=\"og:site_name\" content=\"Blog GB\" \/>\n<meta property=\"article:published_time\" content=\"2023-09-07T21:31:48+00:00\" \/>\n<meta property=\"article:modified_time\" content=\"2023-09-09T15:37:30+00:00\" \/>\n<meta property=\"og:image\" content=\"https:\/\/www.georgebutunoiu.com\/blog\/wp-content\/uploads\/2021\/07\/GB-cand-era-pur.jpg\" \/>\n\t<meta property=\"og:image:width\" content=\"1306\" \/>\n\t<meta property=\"og:image:height\" content=\"1626\" \/>\n\t<meta property=\"og:image:type\" content=\"image\/jpeg\" \/>\n<meta name=\"author\" content=\"George Butunoiu\" \/>\n<meta name=\"twitter:card\" content=\"summary_large_image\" \/>\n<meta name=\"twitter:label1\" content=\"Written by\" \/>\n\t<meta name=\"twitter:data1\" content=\"George Butunoiu\" \/>\n\t<meta name=\"twitter:label2\" content=\"Est. reading time\" \/>\n\t<meta name=\"twitter:data2\" content=\"10 minutes\" \/>\n<script type=\"application\/ld+json\" class=\"yoast-schema-graph\">{\"@context\":\"https:\/\/schema.org\",\"@graph\":[{\"@type\":\"Article\",\"@id\":\"https:\/\/www.georgebutunoiu.com\/blog\/meritocratia-in-timpul-comunistilor\/#article\",\"isPartOf\":{\"@id\":\"https:\/\/www.georgebutunoiu.com\/blog\/meritocratia-in-timpul-comunistilor\/\"},\"author\":{\"name\":\"George Butunoiu\",\"@id\":\"https:\/\/www.georgebutunoiu.com\/blog\/#\/schema\/person\/0c59baa9b990951251efe82ee1e8bbb2\"},\"headline\":\"Meritocra\u021bia \u00een timpul comuni\u0219tilor\",\"datePublished\":\"2023-09-07T21:31:48+00:00\",\"dateModified\":\"2023-09-09T15:37:30+00:00\",\"mainEntityOfPage\":{\"@id\":\"https:\/\/www.georgebutunoiu.com\/blog\/meritocratia-in-timpul-comunistilor\/\"},\"wordCount\":2002,\"commentCount\":0,\"publisher\":{\"@id\":\"https:\/\/www.georgebutunoiu.com\/blog\/#\/schema\/person\/0c59baa9b990951251efe82ee1e8bbb2\"},\"articleSection\":[\"Blog George Butunoiu\"],\"inLanguage\":\"en-US\",\"potentialAction\":[{\"@type\":\"CommentAction\",\"name\":\"Comment\",\"target\":[\"https:\/\/www.georgebutunoiu.com\/blog\/meritocratia-in-timpul-comunistilor\/#respond\"]}]},{\"@type\":\"WebPage\",\"@id\":\"https:\/\/www.georgebutunoiu.com\/blog\/meritocratia-in-timpul-comunistilor\/\",\"url\":\"https:\/\/www.georgebutunoiu.com\/blog\/meritocratia-in-timpul-comunistilor\/\",\"name\":\"Meritocra\u021bia \u00een timpul comuni\u0219tilor - Blog GB\",\"isPartOf\":{\"@id\":\"https:\/\/www.georgebutunoiu.com\/blog\/#website\"},\"datePublished\":\"2023-09-07T21:31:48+00:00\",\"dateModified\":\"2023-09-09T15:37:30+00:00\",\"description\":\"cum ar putea s\u0103 fie un astfel de model de meritocra\u021bie teleportat \u00een Rom\u00e2nia de ast\u0103zi?\",\"breadcrumb\":{\"@id\":\"https:\/\/www.georgebutunoiu.com\/blog\/meritocratia-in-timpul-comunistilor\/#breadcrumb\"},\"inLanguage\":\"en-US\",\"potentialAction\":[{\"@type\":\"ReadAction\",\"target\":[\"https:\/\/www.georgebutunoiu.com\/blog\/meritocratia-in-timpul-comunistilor\/\"]}]},{\"@type\":\"BreadcrumbList\",\"@id\":\"https:\/\/www.georgebutunoiu.com\/blog\/meritocratia-in-timpul-comunistilor\/#breadcrumb\",\"itemListElement\":[{\"@type\":\"ListItem\",\"position\":1,\"name\":\"Home\",\"item\":\"https:\/\/www.georgebutunoiu.com\/blog\/\"},{\"@type\":\"ListItem\",\"position\":2,\"name\":\"Meritocra\u021bia \u00een timpul comuni\u0219tilor\"}]},{\"@type\":\"WebSite\",\"@id\":\"https:\/\/www.georgebutunoiu.com\/blog\/#website\",\"url\":\"https:\/\/www.georgebutunoiu.com\/blog\/\",\"name\":\"Blog GB\",\"description\":\"Blogul lui George Butunoiu\",\"publisher\":{\"@id\":\"https:\/\/www.georgebutunoiu.com\/blog\/#\/schema\/person\/0c59baa9b990951251efe82ee1e8bbb2\"},\"potentialAction\":[{\"@type\":\"SearchAction\",\"target\":{\"@type\":\"EntryPoint\",\"urlTemplate\":\"https:\/\/www.georgebutunoiu.com\/blog\/?s={search_term_string}\"},\"query-input\":{\"@type\":\"PropertyValueSpecification\",\"valueRequired\":true,\"valueName\":\"search_term_string\"}}],\"inLanguage\":\"en-US\"},{\"@type\":[\"Person\",\"Organization\"],\"@id\":\"https:\/\/www.georgebutunoiu.com\/blog\/#\/schema\/person\/0c59baa9b990951251efe82ee1e8bbb2\",\"name\":\"George Butunoiu\",\"image\":{\"@type\":\"ImageObject\",\"inLanguage\":\"en-US\",\"@id\":\"https:\/\/secure.gravatar.com\/avatar\/89c187ed2ae04eb93934b0547ec74260f4916e9e6d474dc9fc60e42c6f3533f1?s=96&r=g\",\"url\":\"https:\/\/secure.gravatar.com\/avatar\/89c187ed2ae04eb93934b0547ec74260f4916e9e6d474dc9fc60e42c6f3533f1?s=96&r=g\",\"contentUrl\":\"https:\/\/secure.gravatar.com\/avatar\/89c187ed2ae04eb93934b0547ec74260f4916e9e6d474dc9fc60e42c6f3533f1?s=96&r=g\",\"caption\":\"George Butunoiu\"},\"logo\":{\"@id\":\"https:\/\/secure.gravatar.com\/avatar\/89c187ed2ae04eb93934b0547ec74260f4916e9e6d474dc9fc60e42c6f3533f1?s=96&r=g\"}}]}<\/script>\n<!-- \/ Yoast SEO plugin. -->","yoast_head_json":{"title":"Meritocra\u021bia \u00een timpul comuni\u0219tilor - Blog GB","description":"cum ar putea s\u0103 fie un astfel de model de meritocra\u021bie teleportat \u00een Rom\u00e2nia de ast\u0103zi?","robots":{"index":"index","follow":"follow","max-snippet":"max-snippet:-1","max-image-preview":"max-image-preview:large","max-video-preview":"max-video-preview:-1"},"canonical":"https:\/\/www.georgebutunoiu.com\/blog\/meritocratia-in-timpul-comunistilor\/","og_locale":"en_US","og_type":"article","og_title":"Meritocra\u021bia \u00een timpul comuni\u0219tilor - Blog GB","og_description":"S\u0103 zicem c\u0103 fiecare om important de partid parlamentar de ast\u0103zi (AUR, PSD, USR, PNL, UDMR, de la minorit\u0103\u021bi), ar avea dreptul s\u0103 aleag\u0103 c\u00e2te 20 de apropia\u021bi (neamuri, amante etc.) cei de la centru, c\u00e2te 10 cei din jude\u021be \u0219i din ora\u0219ele municipii, \u0219i c\u00e2te 5 cei din ora\u0219ele mai mici \u0219i din comunele mai mari","og_url":"https:\/\/www.georgebutunoiu.com\/blog\/meritocratia-in-timpul-comunistilor\/","og_site_name":"Blog GB","article_published_time":"2023-09-07T21:31:48+00:00","article_modified_time":"2023-09-09T15:37:30+00:00","og_image":[{"width":1306,"height":1626,"url":"https:\/\/www.georgebutunoiu.com\/blog\/wp-content\/uploads\/2021\/07\/GB-cand-era-pur.jpg","type":"image\/jpeg"}],"author":"George Butunoiu","twitter_card":"summary_large_image","twitter_misc":{"Written by":"George Butunoiu","Est. reading time":"10 minutes"},"schema":{"@context":"https:\/\/schema.org","@graph":[{"@type":"Article","@id":"https:\/\/www.georgebutunoiu.com\/blog\/meritocratia-in-timpul-comunistilor\/#article","isPartOf":{"@id":"https:\/\/www.georgebutunoiu.com\/blog\/meritocratia-in-timpul-comunistilor\/"},"author":{"name":"George Butunoiu","@id":"https:\/\/www.georgebutunoiu.com\/blog\/#\/schema\/person\/0c59baa9b990951251efe82ee1e8bbb2"},"headline":"Meritocra\u021bia \u00een timpul comuni\u0219tilor","datePublished":"2023-09-07T21:31:48+00:00","dateModified":"2023-09-09T15:37:30+00:00","mainEntityOfPage":{"@id":"https:\/\/www.georgebutunoiu.com\/blog\/meritocratia-in-timpul-comunistilor\/"},"wordCount":2002,"commentCount":0,"publisher":{"@id":"https:\/\/www.georgebutunoiu.com\/blog\/#\/schema\/person\/0c59baa9b990951251efe82ee1e8bbb2"},"articleSection":["Blog George Butunoiu"],"inLanguage":"en-US","potentialAction":[{"@type":"CommentAction","name":"Comment","target":["https:\/\/www.georgebutunoiu.com\/blog\/meritocratia-in-timpul-comunistilor\/#respond"]}]},{"@type":"WebPage","@id":"https:\/\/www.georgebutunoiu.com\/blog\/meritocratia-in-timpul-comunistilor\/","url":"https:\/\/www.georgebutunoiu.com\/blog\/meritocratia-in-timpul-comunistilor\/","name":"Meritocra\u021bia \u00een timpul comuni\u0219tilor - Blog GB","isPartOf":{"@id":"https:\/\/www.georgebutunoiu.com\/blog\/#website"},"datePublished":"2023-09-07T21:31:48+00:00","dateModified":"2023-09-09T15:37:30+00:00","description":"cum ar putea s\u0103 fie un astfel de model de meritocra\u021bie teleportat \u00een Rom\u00e2nia de ast\u0103zi?","breadcrumb":{"@id":"https:\/\/www.georgebutunoiu.com\/blog\/meritocratia-in-timpul-comunistilor\/#breadcrumb"},"inLanguage":"en-US","potentialAction":[{"@type":"ReadAction","target":["https:\/\/www.georgebutunoiu.com\/blog\/meritocratia-in-timpul-comunistilor\/"]}]},{"@type":"BreadcrumbList","@id":"https:\/\/www.georgebutunoiu.com\/blog\/meritocratia-in-timpul-comunistilor\/#breadcrumb","itemListElement":[{"@type":"ListItem","position":1,"name":"Home","item":"https:\/\/www.georgebutunoiu.com\/blog\/"},{"@type":"ListItem","position":2,"name":"Meritocra\u021bia \u00een timpul comuni\u0219tilor"}]},{"@type":"WebSite","@id":"https:\/\/www.georgebutunoiu.com\/blog\/#website","url":"https:\/\/www.georgebutunoiu.com\/blog\/","name":"Blog GB","description":"Blogul lui George Butunoiu","publisher":{"@id":"https:\/\/www.georgebutunoiu.com\/blog\/#\/schema\/person\/0c59baa9b990951251efe82ee1e8bbb2"},"potentialAction":[{"@type":"SearchAction","target":{"@type":"EntryPoint","urlTemplate":"https:\/\/www.georgebutunoiu.com\/blog\/?s={search_term_string}"},"query-input":{"@type":"PropertyValueSpecification","valueRequired":true,"valueName":"search_term_string"}}],"inLanguage":"en-US"},{"@type":["Person","Organization"],"@id":"https:\/\/www.georgebutunoiu.com\/blog\/#\/schema\/person\/0c59baa9b990951251efe82ee1e8bbb2","name":"George Butunoiu","image":{"@type":"ImageObject","inLanguage":"en-US","@id":"https:\/\/secure.gravatar.com\/avatar\/89c187ed2ae04eb93934b0547ec74260f4916e9e6d474dc9fc60e42c6f3533f1?s=96&r=g","url":"https:\/\/secure.gravatar.com\/avatar\/89c187ed2ae04eb93934b0547ec74260f4916e9e6d474dc9fc60e42c6f3533f1?s=96&r=g","contentUrl":"https:\/\/secure.gravatar.com\/avatar\/89c187ed2ae04eb93934b0547ec74260f4916e9e6d474dc9fc60e42c6f3533f1?s=96&r=g","caption":"George Butunoiu"},"logo":{"@id":"https:\/\/secure.gravatar.com\/avatar\/89c187ed2ae04eb93934b0547ec74260f4916e9e6d474dc9fc60e42c6f3533f1?s=96&r=g"}}]}},"_links":{"self":[{"href":"https:\/\/www.georgebutunoiu.com\/blog\/wp-json\/wp\/v2\/posts\/9968","targetHints":{"allow":["GET"]}}],"collection":[{"href":"https:\/\/www.georgebutunoiu.com\/blog\/wp-json\/wp\/v2\/posts"}],"about":[{"href":"https:\/\/www.georgebutunoiu.com\/blog\/wp-json\/wp\/v2\/types\/post"}],"author":[{"embeddable":true,"href":"https:\/\/www.georgebutunoiu.com\/blog\/wp-json\/wp\/v2\/users\/2"}],"replies":[{"embeddable":true,"href":"https:\/\/www.georgebutunoiu.com\/blog\/wp-json\/wp\/v2\/comments?post=9968"}],"version-history":[{"count":6,"href":"https:\/\/www.georgebutunoiu.com\/blog\/wp-json\/wp\/v2\/posts\/9968\/revisions"}],"predecessor-version":[{"id":9974,"href":"https:\/\/www.georgebutunoiu.com\/blog\/wp-json\/wp\/v2\/posts\/9968\/revisions\/9974"}],"wp:attachment":[{"href":"https:\/\/www.georgebutunoiu.com\/blog\/wp-json\/wp\/v2\/media?parent=9968"}],"wp:term":[{"taxonomy":"category","embeddable":true,"href":"https:\/\/www.georgebutunoiu.com\/blog\/wp-json\/wp\/v2\/categories?post=9968"},{"taxonomy":"post_tag","embeddable":true,"href":"https:\/\/www.georgebutunoiu.com\/blog\/wp-json\/wp\/v2\/tags?post=9968"}],"curies":[{"name":"wp","href":"https:\/\/api.w.org\/{rel}","templated":true}]}}