{"id":9833,"date":"2021-09-27T15:01:32","date_gmt":"2021-09-27T15:01:32","guid":{"rendered":"https:\/\/www.georgebutunoiu.com\/blog\/?p=9833"},"modified":"2021-09-27T15:10:20","modified_gmt":"2021-09-27T15:10:20","slug":"cum-se-construieste-si-se-propaga-activismul-neomarxist-in-romania","status":"publish","type":"post","link":"https:\/\/www.georgebutunoiu.com\/blog\/cum-se-construieste-si-se-propaga-activismul-neomarxist-in-romania\/","title":{"rendered":"Cum se construie\u0219te \u0219i se propag\u0103 activismul neomarxist \u00een Rom\u00e2nia"},"content":{"rendered":"<p>Un mare concert la Festivalul Enescu, Orchestra dell\u2019 Accademia Nazionale di Santa Cecilia cu Daniele Gatti, un mare, imens dirijor. M-am \u00eentors sup\u0103rat pe olandezi \u0219i m-am apucat s\u0103 scriu un text ironic la adresa propagandi\u0219tilor corectitudinii politice, a multor mi\u0219c\u0103ri \u0219i activisme \u0219i militantisme ale zilelor noastre. A\u0219a cum fac adesea, fiind \u00eentr-o disput\u0103 permanent\u0103 \u0219i f\u0103\u021bi\u0219\u0103 cu ei, \u00eenc\u0103 de c\u00e2nd au ap\u0103rut.<\/p>\n<p>Am modificat textul de mai multe ori, \u00eengro\u0219\u00e2nd de fiecare dat\u0103 tu\u0219ele satirei, intuind c\u0103 vor fi \u0219i unii care nu vor \u00een\u021belege din prima despre ce vorbesc. P\u00e2n\u0103 la urm\u0103 a\u0219a a ie\u0219it, \u0219i l-am pus pe Internet:<\/p>\n<p>*<\/p>\n<p><span style=\"color: #993300;\">Mi-a venit \u00een seara asta o idee despre cum am putea s\u0103 evit\u0103m situa\u021biile costisitoare \u00een care un b\u0103rbat vrea s\u0103 fac\u0103 sex cu o femeie, dar doamna nu \u00eei spune \u201enu, mul\u021bumesc\u201d, ci se duce direct la poli\u021bie \u0219i-l reclam\u0103. M-am g\u00e2ndit \u00een timp ce \u00eel urm\u0103ream pe Daniele Gatti dirij\u00e2nd, \u0219i amintindu-mi \u0219i de prietenul meu englez care a fost dat afar\u0103 anul trecut din jobul de la Bucure\u0219ti pentru c\u0103 a invitat o coleg\u0103 la o cafea. Nici nu a mai apucat s\u0103-i zic\u0103 \u0219i altceva&#8230;<\/span><br \/>\n<span style=\"color: #993300;\">\u00a0<\/span><br \/>\n<span style=\"color: #993300;\">A\u0219adar, ideea ar fi urm\u0103toarea: femeile care vor s\u0103 fac\u0103 sex s\u0103-\u0219i pun\u0103 un cercule\u021b verde pe rever, s\u0103 fie vizibil de la distan\u021b\u0103. Iar cele care nu vor sex, s\u0103-\u0219i pun\u0103 unul ro\u0219u. \u00cen acest fel s-ar evita conflictele \u0219i ne\u00een\u021belegerile \u0219i ar fi armonie \u00een toate colectivele \u0219i comunit\u0103\u021bile. \u0218i b\u0103rba\u021bii la fel, desigur, ca s\u0103 fie egalitate, simetrie \u0219i echitate.<\/span><br \/>\n<span style=\"color: #993300;\">\u00a0<\/span><br \/>\n<span style=\"color: #993300;\">Dimensiunea cercule\u021bului ar trebui s\u0103 fie de minimum 4 centimetri, ca sa fie vizibil de la distan\u021b\u0103. \u0218i preferabil dintr-un material fosforescent, s\u0103 se vad\u0103 bine \u0219i \u00een semi\u00eentuneric, adic\u0103 exact atunci c\u00e2nd e contextul optim pentru a\u0219a ceva.<\/span><br \/>\n<span style=\"color: #993300;\">\u00a0<\/span><br \/>\n<span style=\"color: #993300;\">Iar \u00een func\u021bie de cum va fi primit proiectul (s\u0103 vedem rezultatele acestui sondaj!), se poate extinde gama de culori, ca s\u0103 semnaleze tipul de sex dorit, perioada zilei preferat\u0103, locul sugerat etc. Sexul \u00een grup ar putea fi semnalat simplu, pun\u00e2nd dou\u0103 cercule\u021be.<\/span><\/p>\n<p><span style=\"color: #993300;\">Nu se va putea, din p\u0103cate, s\u0103 pui markeri pentru preferin\u021bele de v\u00e2rst\u0103, ras\u0103, religie, \u0219i chiar orientare sexual\u0103\/ gen, c\u0103 te treze\u0219ti dup\u0103 aceea cu vreun proces. Pentru acestea trebuie g\u0103site alte solu\u021bii. \u00a0<\/span><br \/>\n<span style=\"color: #993300;\">\u00a0<\/span><br \/>\n<span style=\"color: #993300;\">Ce zice\u021bi, a\u021bi fi de acord s\u0103 purta\u021bi un astfel de marker? Dac\u0103 rezultatele sondajului vor fi masiv \u00een favoarea markerului, vom putea chiar formula o ini\u021biativ\u0103 legislativ\u0103&#8230;<\/span><\/p>\n<p>*<\/p>\n<p>Dar ce avalan\u0219\u0103 de indignare, de ziceai c\u0103 a luat foc Internetul! Cum e posibil a\u0219a ceva, cum s\u0103 ceri oamenilor s\u0103 poarte a\u0219a ceva \u00een piept? Dar ce, suntem vite ca s\u0103 ne \u00eensemn\u0103m? \u0218i nazi\u0219tii f\u0103ceau la fel cu evreii. Dar iubirea? Dar sentimentele? Sufletul, domnule Butunoiu, sufletul, sufletul, sufletul nu mai are niciun rol? Crezi c\u0103 totul se reduce la sex? Chiar at\u00e2t de lipsit de sensibilitate po\u021bi s\u0103 fii?<\/p>\n<p>Unii mai \u00eemp\u0103ciuitori, care s-au mai \u0219i prins c\u0103 e o ironie, au \u00eencercat s\u0103-mi arate cu ce am gre\u0219it: domnule Butunoiu, cu a\u0219a ceva nu se glume\u0219te! Nu po\u021bi r\u0103ni sentimentele cuiva vorbind despre sex, \u0219tiind c\u0103 unii ar fi putut s\u0103 sufere vreodat\u0103 din aceast\u0103 cauz\u0103 \u0219i a l\u0103sat traume ad\u00e2nci&#8230;<\/p>\n<p>O jurnalist\u0103 de la Mediafax a decis s\u0103 preia conducerea luptei mul\u021bimii indignate, \u00eempotriva a nu prea este clar ce, dar asta pare pu\u021bin relevant. \u0218i a scris ea un articol pe Mediafax, cu titlu ro\u0219u, deghizat \u00een subtitlu \u0219i dup\u0103 toate regulile jurnalistice bine cunoscute prin care s\u0103-i faci pe oameni s\u0103 \u00een\u021beleag\u0103 \u0219i s\u0103 cread\u0103 ceva anume dup\u0103 aceea: \u201eButunoiu, un misogin libidinos\u201d; \u201e\u0218eful celei mai vechi firme de recrutare din Rom\u00e2nia face o propunere \u0219i un sondaj ce ridic\u0103 \u201ep\u0103rul \u00een cap\u201d comunit\u0103\u021bii profesionale \u0219i internau\u021bilor. Ce propune \u0219eful de recrutare: \u00eensemnarea femeilor la job pentru a semnala disponibilitatea pentru sex \u0219i pentru a evita conflictele costisitoare \u0219i ne\u00een\u021belegerile.\u201d<\/p>\n<p>\u0218i cu exemple de comentarii de la cititori, desigur, a\u0219a cum a \u00eenv\u0103\u021bat la \u0219coal\u0103: \u201eCe ne facem cu femeia care vrea sex dar e c\u0103s\u0103torit\u0103 \u0219i nu poate s\u0103-\u0219i puna insigna-n piept de fric\u0103 s\u0103 nu o afle so\u021bul? Butunoiu nu a acoperit aceast\u0103 problem\u0103 demonstr\u00e2nd nu numai c\u0103 e un \u021b\u0103r\u0103noi machist ci \u0219i c\u0103 este inept \u0219i ineficient&#8221; scrie o femeie.<\/p>\n<p>\u201eNu mai bine \u00ee\u0219i pun bulina respectiv\u0103 \u00een piept libidino\u0219ii de genul lui Butunoiu \u0219i al prietenului lui. care nu-s \u00een stare s\u0103 \u0219i-o \u021bin\u0103-n pantaloni la locul de munc\u0103, s\u0103 \u0219tie colegele de cine s\u0103 se fereasc\u0103 \u015fi HR-ul, respectiv boardul pe cine s\u0103 dea afar\u0103?&#8230;&#8221; comenteaz\u0103 un alt internaut.<\/p>\n<p>\u201eN-ar fi mai bine sa \u00ee\u0163i pui tu un semn in frunte, ca s\u0103 \u015ftie colegele c\u0103 e\u015fti un obsedat\/frustrat de sex?&#8221; a scris o alt\u0103 persoan\u0103.<\/p>\n<p>\u201e\u0218tirea\u201d a fost preluat\u0103 de toat\u0103 presa, sub forma \u00een care a fost ea \u201eredactat\u0103\u201d de c\u0103tre Mediafax, desigur.<\/p>\n<p>M-au sunat \u0219i de c\u00e2teva televiziuni ca s\u0103 le explic, \u00een direct, cum va func\u021biona mecanismul cu cercule\u021bele. Prima a dat \u201e\u0219tirea\u201d, cu titlu mare, ro\u0219u: \u201eBreaking News! Propunere-\u0219oc: Femeile care vor sex la munc\u0103 s\u0103 poarte un cercule\u021b pe rever. George Butunoiu, specialist HR.\u201d<\/p>\n<p>Am \u00eentrebat-o pe prezentatoare, \u00een direct, dac\u0103 a citit textul meu \u00eenainte s\u0103 fac\u0103 acest Breaking News! Nu cred c\u0103 a \u00een\u021beles prea bine la ce m\u0103 refeream, de vreme ce \u201e\u0219tirea\u201d venea de la o agen\u021bie de pres\u0103, de la Mediafax. Mi-a p\u0103rut chiar r\u0103u c\u0103 i-am stricat Breaking Newsul \u00een direct, pe un subiect ce p\u0103rea at\u00e2t de promi\u021b\u0103tor. I se vedea dezam\u0103girea pe fa\u021b\u0103&#8230;<\/p>\n<p>A\u0219a a f\u0103cut Mediafax ca mi\u0219carea neomarxist\u0103 s\u0103 mai c\u00e2\u0219tige c\u00e2teva zeci de mii de adep\u021bi indigna\u021bi ast\u0103zi, \u00eentorc\u00e2nd fix pe dos un textule\u021b ironic, care era scris tocmai ca s\u0103 se amuze pe seama lor. Tehnici simple, elementare, dar extrem de eficiente, dup\u0103 cum se vede&#8230;<\/p>\n","protected":false},"excerpt":{"rendered":"<p>Un mare concert la Festivalul Enescu, Orchestra dell\u2019 Accademia Nazionale di Santa Cecilia cu Daniele Gatti, un mare, imens dirijor. M-am \u00eentors sup\u0103rat pe olandezi \u0219i m-am apucat s\u0103 scriu un text ironic la adresa propagandi\u0219tilor corectitudinii politice, a multor mi\u0219c\u0103ri \u0219i activisme \u0219i militantisme ale zilelor noastre. A\u0219a cum fac adesea, fiind \u00eentr-o disput\u0103 [&hellip;]<\/p>\n","protected":false},"author":2,"featured_media":0,"comment_status":"open","ping_status":"open","sticky":false,"template":"","format":"standard","meta":{"_acf_changed":false,"footnotes":""},"categories":[2],"tags":[],"class_list":["post-9833","post","type-post","status-publish","format-standard","hentry","category-home"],"acf":{"cc_filter":[],"poza_fixa":"https:\/\/www.georgebutunoiu.com\/blog\/wp-content\/uploads\/2016\/09\/George-Butunoiu-fost-elev-LVA.jpg","url_poza_fixa":"","format_poza_fixa":"full-img-4-3","oras":"","sector":"","zona":"","in_strainatate":false,"pian":false,"orga":false,"data1":1632765206,"data2":"","afiseaza_data_post":false,"acf_sala":"","centru_cultural":"","articole_parinte":"","articole_relationate":"","coordonate":false,"tab1_nume":"Despre","tab3":false,"tab5":false,"tab4":false},"yoast_head":"<!-- This site is optimized with the Yoast SEO plugin v27.2 - https:\/\/yoast.com\/product\/yoast-seo-wordpress\/ -->\n<title>Cum se construie\u0219te \u0219i se propag\u0103 activismul neomarxist \u00een Rom\u00e2nia<\/title>\n<meta name=\"description\" content=\"A\u0219a a f\u0103cut Mediafax ca mi\u0219carea neomarxist\u0103 s\u0103 mai c\u00e2\u0219tige c\u00e2teva zeci de mii de adep\u021bi indigna\u021bi ast\u0103zi, \u00eentorc\u00e2nd fix pe dos un textule\u021b ironic...\" \/>\n<meta name=\"robots\" content=\"index, follow, max-snippet:-1, max-image-preview:large, max-video-preview:-1\" \/>\n<link rel=\"canonical\" href=\"https:\/\/www.georgebutunoiu.com\/blog\/cum-se-construieste-si-se-propaga-activismul-neomarxist-in-romania\/\" \/>\n<meta property=\"og:locale\" content=\"en_US\" \/>\n<meta property=\"og:type\" content=\"article\" \/>\n<meta property=\"og:title\" content=\"Cum se construie\u0219te \u0219i se propag\u0103 activismul neomarxist \u00een Rom\u00e2nia\" \/>\n<meta property=\"og:description\" content=\"A\u0219a a f\u0103cut Mediafax ca mi\u0219carea neomarxist\u0103 s\u0103 mai c\u00e2\u0219tige c\u00e2teva zeci de mii de adep\u021bi indigna\u021bi ast\u0103zi, \u00eentorc\u00e2nd fix pe dos un textule\u021b ironic, care era scris tocmai ca s\u0103 se amuze pe seama lor. Tehnici simple, elementare, dar extrem de eficiente, dup\u0103 cum se vede...\" \/>\n<meta property=\"og:url\" content=\"https:\/\/www.georgebutunoiu.com\/blog\/cum-se-construieste-si-se-propaga-activismul-neomarxist-in-romania\/\" \/>\n<meta property=\"og:site_name\" content=\"Blog GB\" \/>\n<meta property=\"article:published_time\" content=\"2021-09-27T15:01:32+00:00\" \/>\n<meta property=\"article:modified_time\" content=\"2021-09-27T15:10:20+00:00\" \/>\n<meta property=\"og:image\" content=\"https:\/\/www.georgebutunoiu.com\/blog\/wp-content\/uploads\/2013\/07\/George-Butunoiu-fondator-Managero-.jpg\" \/>\n\t<meta property=\"og:image:width\" content=\"1024\" \/>\n\t<meta property=\"og:image:height\" content=\"652\" \/>\n\t<meta property=\"og:image:type\" content=\"image\/jpeg\" \/>\n<meta name=\"author\" content=\"George Butunoiu\" \/>\n<meta name=\"twitter:card\" content=\"summary_large_image\" \/>\n<meta name=\"twitter:label1\" content=\"Written by\" \/>\n\t<meta name=\"twitter:data1\" content=\"George Butunoiu\" \/>\n\t<meta name=\"twitter:label2\" content=\"Est. reading time\" \/>\n\t<meta name=\"twitter:data2\" content=\"5 minutes\" \/>\n<script type=\"application\/ld+json\" class=\"yoast-schema-graph\">{\"@context\":\"https:\/\/schema.org\",\"@graph\":[{\"@type\":\"Article\",\"@id\":\"https:\/\/www.georgebutunoiu.com\/blog\/cum-se-construieste-si-se-propaga-activismul-neomarxist-in-romania\/#article\",\"isPartOf\":{\"@id\":\"https:\/\/www.georgebutunoiu.com\/blog\/cum-se-construieste-si-se-propaga-activismul-neomarxist-in-romania\/\"},\"author\":{\"name\":\"George Butunoiu\",\"@id\":\"https:\/\/www.georgebutunoiu.com\/blog\/#\/schema\/person\/0c59baa9b990951251efe82ee1e8bbb2\"},\"headline\":\"Cum se construie\u0219te \u0219i se propag\u0103 activismul neomarxist \u00een Rom\u00e2nia\",\"datePublished\":\"2021-09-27T15:01:32+00:00\",\"dateModified\":\"2021-09-27T15:10:20+00:00\",\"mainEntityOfPage\":{\"@id\":\"https:\/\/www.georgebutunoiu.com\/blog\/cum-se-construieste-si-se-propaga-activismul-neomarxist-in-romania\/\"},\"wordCount\":1086,\"commentCount\":8,\"publisher\":{\"@id\":\"https:\/\/www.georgebutunoiu.com\/blog\/#\/schema\/person\/0c59baa9b990951251efe82ee1e8bbb2\"},\"articleSection\":[\"Blog George Butunoiu\"],\"inLanguage\":\"en-US\",\"potentialAction\":[{\"@type\":\"CommentAction\",\"name\":\"Comment\",\"target\":[\"https:\/\/www.georgebutunoiu.com\/blog\/cum-se-construieste-si-se-propaga-activismul-neomarxist-in-romania\/#respond\"]}]},{\"@type\":\"WebPage\",\"@id\":\"https:\/\/www.georgebutunoiu.com\/blog\/cum-se-construieste-si-se-propaga-activismul-neomarxist-in-romania\/\",\"url\":\"https:\/\/www.georgebutunoiu.com\/blog\/cum-se-construieste-si-se-propaga-activismul-neomarxist-in-romania\/\",\"name\":\"Cum se construie\u0219te \u0219i se propag\u0103 activismul neomarxist \u00een Rom\u00e2nia\",\"isPartOf\":{\"@id\":\"https:\/\/www.georgebutunoiu.com\/blog\/#website\"},\"datePublished\":\"2021-09-27T15:01:32+00:00\",\"dateModified\":\"2021-09-27T15:10:20+00:00\",\"description\":\"A\u0219a a f\u0103cut Mediafax ca mi\u0219carea neomarxist\u0103 s\u0103 mai c\u00e2\u0219tige c\u00e2teva zeci de mii de adep\u021bi indigna\u021bi ast\u0103zi, \u00eentorc\u00e2nd fix pe dos un textule\u021b ironic...\",\"breadcrumb\":{\"@id\":\"https:\/\/www.georgebutunoiu.com\/blog\/cum-se-construieste-si-se-propaga-activismul-neomarxist-in-romania\/#breadcrumb\"},\"inLanguage\":\"en-US\",\"potentialAction\":[{\"@type\":\"ReadAction\",\"target\":[\"https:\/\/www.georgebutunoiu.com\/blog\/cum-se-construieste-si-se-propaga-activismul-neomarxist-in-romania\/\"]}]},{\"@type\":\"BreadcrumbList\",\"@id\":\"https:\/\/www.georgebutunoiu.com\/blog\/cum-se-construieste-si-se-propaga-activismul-neomarxist-in-romania\/#breadcrumb\",\"itemListElement\":[{\"@type\":\"ListItem\",\"position\":1,\"name\":\"Home\",\"item\":\"https:\/\/www.georgebutunoiu.com\/blog\/\"},{\"@type\":\"ListItem\",\"position\":2,\"name\":\"Cum se construie\u0219te \u0219i se propag\u0103 activismul neomarxist \u00een Rom\u00e2nia\"}]},{\"@type\":\"WebSite\",\"@id\":\"https:\/\/www.georgebutunoiu.com\/blog\/#website\",\"url\":\"https:\/\/www.georgebutunoiu.com\/blog\/\",\"name\":\"Blog GB\",\"description\":\"Blogul lui George Butunoiu\",\"publisher\":{\"@id\":\"https:\/\/www.georgebutunoiu.com\/blog\/#\/schema\/person\/0c59baa9b990951251efe82ee1e8bbb2\"},\"potentialAction\":[{\"@type\":\"SearchAction\",\"target\":{\"@type\":\"EntryPoint\",\"urlTemplate\":\"https:\/\/www.georgebutunoiu.com\/blog\/?s={search_term_string}\"},\"query-input\":{\"@type\":\"PropertyValueSpecification\",\"valueRequired\":true,\"valueName\":\"search_term_string\"}}],\"inLanguage\":\"en-US\"},{\"@type\":[\"Person\",\"Organization\"],\"@id\":\"https:\/\/www.georgebutunoiu.com\/blog\/#\/schema\/person\/0c59baa9b990951251efe82ee1e8bbb2\",\"name\":\"George Butunoiu\",\"image\":{\"@type\":\"ImageObject\",\"inLanguage\":\"en-US\",\"@id\":\"https:\/\/secure.gravatar.com\/avatar\/89c187ed2ae04eb93934b0547ec74260f4916e9e6d474dc9fc60e42c6f3533f1?s=96&r=g\",\"url\":\"https:\/\/secure.gravatar.com\/avatar\/89c187ed2ae04eb93934b0547ec74260f4916e9e6d474dc9fc60e42c6f3533f1?s=96&r=g\",\"contentUrl\":\"https:\/\/secure.gravatar.com\/avatar\/89c187ed2ae04eb93934b0547ec74260f4916e9e6d474dc9fc60e42c6f3533f1?s=96&r=g\",\"caption\":\"George Butunoiu\"},\"logo\":{\"@id\":\"https:\/\/secure.gravatar.com\/avatar\/89c187ed2ae04eb93934b0547ec74260f4916e9e6d474dc9fc60e42c6f3533f1?s=96&r=g\"}}]}<\/script>\n<!-- \/ Yoast SEO plugin. -->","yoast_head_json":{"title":"Cum se construie\u0219te \u0219i se propag\u0103 activismul neomarxist \u00een Rom\u00e2nia","description":"A\u0219a a f\u0103cut Mediafax ca mi\u0219carea neomarxist\u0103 s\u0103 mai c\u00e2\u0219tige c\u00e2teva zeci de mii de adep\u021bi indigna\u021bi ast\u0103zi, \u00eentorc\u00e2nd fix pe dos un textule\u021b ironic...","robots":{"index":"index","follow":"follow","max-snippet":"max-snippet:-1","max-image-preview":"max-image-preview:large","max-video-preview":"max-video-preview:-1"},"canonical":"https:\/\/www.georgebutunoiu.com\/blog\/cum-se-construieste-si-se-propaga-activismul-neomarxist-in-romania\/","og_locale":"en_US","og_type":"article","og_title":"Cum se construie\u0219te \u0219i se propag\u0103 activismul neomarxist \u00een Rom\u00e2nia","og_description":"A\u0219a a f\u0103cut Mediafax ca mi\u0219carea neomarxist\u0103 s\u0103 mai c\u00e2\u0219tige c\u00e2teva zeci de mii de adep\u021bi indigna\u021bi ast\u0103zi, \u00eentorc\u00e2nd fix pe dos un textule\u021b ironic, care era scris tocmai ca s\u0103 se amuze pe seama lor. Tehnici simple, elementare, dar extrem de eficiente, dup\u0103 cum se vede...","og_url":"https:\/\/www.georgebutunoiu.com\/blog\/cum-se-construieste-si-se-propaga-activismul-neomarxist-in-romania\/","og_site_name":"Blog GB","article_published_time":"2021-09-27T15:01:32+00:00","article_modified_time":"2021-09-27T15:10:20+00:00","og_image":[{"width":1024,"height":652,"url":"https:\/\/www.georgebutunoiu.com\/blog\/wp-content\/uploads\/2013\/07\/George-Butunoiu-fondator-Managero-.jpg","type":"image\/jpeg"}],"author":"George Butunoiu","twitter_card":"summary_large_image","twitter_misc":{"Written by":"George Butunoiu","Est. reading time":"5 minutes"},"schema":{"@context":"https:\/\/schema.org","@graph":[{"@type":"Article","@id":"https:\/\/www.georgebutunoiu.com\/blog\/cum-se-construieste-si-se-propaga-activismul-neomarxist-in-romania\/#article","isPartOf":{"@id":"https:\/\/www.georgebutunoiu.com\/blog\/cum-se-construieste-si-se-propaga-activismul-neomarxist-in-romania\/"},"author":{"name":"George Butunoiu","@id":"https:\/\/www.georgebutunoiu.com\/blog\/#\/schema\/person\/0c59baa9b990951251efe82ee1e8bbb2"},"headline":"Cum se construie\u0219te \u0219i se propag\u0103 activismul neomarxist \u00een Rom\u00e2nia","datePublished":"2021-09-27T15:01:32+00:00","dateModified":"2021-09-27T15:10:20+00:00","mainEntityOfPage":{"@id":"https:\/\/www.georgebutunoiu.com\/blog\/cum-se-construieste-si-se-propaga-activismul-neomarxist-in-romania\/"},"wordCount":1086,"commentCount":8,"publisher":{"@id":"https:\/\/www.georgebutunoiu.com\/blog\/#\/schema\/person\/0c59baa9b990951251efe82ee1e8bbb2"},"articleSection":["Blog George Butunoiu"],"inLanguage":"en-US","potentialAction":[{"@type":"CommentAction","name":"Comment","target":["https:\/\/www.georgebutunoiu.com\/blog\/cum-se-construieste-si-se-propaga-activismul-neomarxist-in-romania\/#respond"]}]},{"@type":"WebPage","@id":"https:\/\/www.georgebutunoiu.com\/blog\/cum-se-construieste-si-se-propaga-activismul-neomarxist-in-romania\/","url":"https:\/\/www.georgebutunoiu.com\/blog\/cum-se-construieste-si-se-propaga-activismul-neomarxist-in-romania\/","name":"Cum se construie\u0219te \u0219i se propag\u0103 activismul neomarxist \u00een Rom\u00e2nia","isPartOf":{"@id":"https:\/\/www.georgebutunoiu.com\/blog\/#website"},"datePublished":"2021-09-27T15:01:32+00:00","dateModified":"2021-09-27T15:10:20+00:00","description":"A\u0219a a f\u0103cut Mediafax ca mi\u0219carea neomarxist\u0103 s\u0103 mai c\u00e2\u0219tige c\u00e2teva zeci de mii de adep\u021bi indigna\u021bi ast\u0103zi, \u00eentorc\u00e2nd fix pe dos un textule\u021b ironic...","breadcrumb":{"@id":"https:\/\/www.georgebutunoiu.com\/blog\/cum-se-construieste-si-se-propaga-activismul-neomarxist-in-romania\/#breadcrumb"},"inLanguage":"en-US","potentialAction":[{"@type":"ReadAction","target":["https:\/\/www.georgebutunoiu.com\/blog\/cum-se-construieste-si-se-propaga-activismul-neomarxist-in-romania\/"]}]},{"@type":"BreadcrumbList","@id":"https:\/\/www.georgebutunoiu.com\/blog\/cum-se-construieste-si-se-propaga-activismul-neomarxist-in-romania\/#breadcrumb","itemListElement":[{"@type":"ListItem","position":1,"name":"Home","item":"https:\/\/www.georgebutunoiu.com\/blog\/"},{"@type":"ListItem","position":2,"name":"Cum se construie\u0219te \u0219i se propag\u0103 activismul neomarxist \u00een Rom\u00e2nia"}]},{"@type":"WebSite","@id":"https:\/\/www.georgebutunoiu.com\/blog\/#website","url":"https:\/\/www.georgebutunoiu.com\/blog\/","name":"Blog GB","description":"Blogul lui George Butunoiu","publisher":{"@id":"https:\/\/www.georgebutunoiu.com\/blog\/#\/schema\/person\/0c59baa9b990951251efe82ee1e8bbb2"},"potentialAction":[{"@type":"SearchAction","target":{"@type":"EntryPoint","urlTemplate":"https:\/\/www.georgebutunoiu.com\/blog\/?s={search_term_string}"},"query-input":{"@type":"PropertyValueSpecification","valueRequired":true,"valueName":"search_term_string"}}],"inLanguage":"en-US"},{"@type":["Person","Organization"],"@id":"https:\/\/www.georgebutunoiu.com\/blog\/#\/schema\/person\/0c59baa9b990951251efe82ee1e8bbb2","name":"George Butunoiu","image":{"@type":"ImageObject","inLanguage":"en-US","@id":"https:\/\/secure.gravatar.com\/avatar\/89c187ed2ae04eb93934b0547ec74260f4916e9e6d474dc9fc60e42c6f3533f1?s=96&r=g","url":"https:\/\/secure.gravatar.com\/avatar\/89c187ed2ae04eb93934b0547ec74260f4916e9e6d474dc9fc60e42c6f3533f1?s=96&r=g","contentUrl":"https:\/\/secure.gravatar.com\/avatar\/89c187ed2ae04eb93934b0547ec74260f4916e9e6d474dc9fc60e42c6f3533f1?s=96&r=g","caption":"George Butunoiu"},"logo":{"@id":"https:\/\/secure.gravatar.com\/avatar\/89c187ed2ae04eb93934b0547ec74260f4916e9e6d474dc9fc60e42c6f3533f1?s=96&r=g"}}]}},"_links":{"self":[{"href":"https:\/\/www.georgebutunoiu.com\/blog\/wp-json\/wp\/v2\/posts\/9833","targetHints":{"allow":["GET"]}}],"collection":[{"href":"https:\/\/www.georgebutunoiu.com\/blog\/wp-json\/wp\/v2\/posts"}],"about":[{"href":"https:\/\/www.georgebutunoiu.com\/blog\/wp-json\/wp\/v2\/types\/post"}],"author":[{"embeddable":true,"href":"https:\/\/www.georgebutunoiu.com\/blog\/wp-json\/wp\/v2\/users\/2"}],"replies":[{"embeddable":true,"href":"https:\/\/www.georgebutunoiu.com\/blog\/wp-json\/wp\/v2\/comments?post=9833"}],"version-history":[{"count":3,"href":"https:\/\/www.georgebutunoiu.com\/blog\/wp-json\/wp\/v2\/posts\/9833\/revisions"}],"predecessor-version":[{"id":9836,"href":"https:\/\/www.georgebutunoiu.com\/blog\/wp-json\/wp\/v2\/posts\/9833\/revisions\/9836"}],"wp:attachment":[{"href":"https:\/\/www.georgebutunoiu.com\/blog\/wp-json\/wp\/v2\/media?parent=9833"}],"wp:term":[{"taxonomy":"category","embeddable":true,"href":"https:\/\/www.georgebutunoiu.com\/blog\/wp-json\/wp\/v2\/categories?post=9833"},{"taxonomy":"post_tag","embeddable":true,"href":"https:\/\/www.georgebutunoiu.com\/blog\/wp-json\/wp\/v2\/tags?post=9833"}],"curies":[{"name":"wp","href":"https:\/\/api.w.org\/{rel}","templated":true}]}}