{"id":9669,"date":"2020-10-03T07:59:46","date_gmt":"2020-10-03T07:59:46","guid":{"rendered":"https:\/\/www.georgebutunoiu.com\/blog\/?p=9669"},"modified":"2020-10-05T10:23:22","modified_gmt":"2020-10-05T10:23:22","slug":"ati-angaja-un-ceo-care-si-pune-adresa-angajatorului-in-cv","status":"publish","type":"post","link":"https:\/\/www.georgebutunoiu.com\/blog\/ati-angaja-un-ceo-care-si-pune-adresa-angajatorului-in-cv\/","title":{"rendered":"Ati angaja un CEO care-si pune adresa angajatorului in CV?"},"content":{"rendered":"<p>Intr-o buna dimineata, pe la 12:15 \u2013 12:30h, un Inalt Demnitar de la Bruxelles o cheama pe secretara nr. 11, secretara sa preferata (foto): Am\u00e9lie, ma ch\u00e9rie, sefu nous a demand\u00e9 sa facem un model de CV care sa fie desormais modelul unic de CV in UE. Mais, mon tr\u00e8s, tr\u00e8s cher et tr\u00e8s, tr\u00e8s Haut Dignitaire, qu&#8217;est ce que c&#8217;est un CV? Ei, ma tr\u00e8s, tr\u00e8s ch\u00e8re Am\u00e9lie, nici eu nu stiam, dar am initiat o misiune interminist\u00e9rielle de informare si m-am lamurit. C&#8217;est un fel de ce ai facut in ta vie. Oh, mon tr\u00e8s, tr\u00e8s cher et tr\u00e8s, tr\u00e8s Haut Dignitaire, mais je nu stiu faire asa ceva&#8230; Nu-i nimic, ia-l si pe sofer sa te ajute, o sa va descurcati, je suis s\u00fbr! Si, uite, ia si un milion de Euro, pote aveti nevoie sa va documentati, sa luati ceva consultanta. Dar in sase luni sa fie gata! J&#8217;ai toute la confiance en vous, vous la savez (clin d&#8217;oeil)&#8230; Oui, mon tr\u00e8s, tr\u00e8s cher et tr\u00e8s, tr\u00e8s Haut Dignitaire, et un grand merci pout cette confiance!<\/p>\n<p>Si s-au pus pe treaba Am\u00e9lie et le chauffeur, au muncit pe rupte, dar a meritat: rezultatul a fost Le CV Europ\u00e9en Europass, atat de drag si candidatilor din Romania. Dar daca acesta nu ar fi fost conceput de mintile luminate de la Bruxelles, el ar fi fost inventat de niste firme de recrutare, cu siguranta, pentru ca e un &#8220;instrument minune&#8221; pentru ele! Intr-adevar, rar au la indemana un instrument mai eficient in evaluarea timpurie a candidatilor, sa vezi dintr-o privire, intr-o clipita, cine si cum gandeste gandeste.<\/p>\n<p>Sa zicem ca recrutati un director general si primiti un &#8220;CV european&#8221; in care cititi asa in casuta cu &#8220;postul ocupat, numele si adresa angajatorului&#8221;: Director tehnic, SC Intergalactic Romania SRL, Str. Gen. Aviator Gala Galaction nr. 24, Bl. A2, Sc. C, Et. 3, Ap. 18, Sectorul 2 Bucuresti, Romania. Cum reactionati in acest caz?<\/p>\n<p>Eu, de pilda, dau instinctiv sa arunc CV-ul. Dar ma opresc o clipa, verific mai intai sa vad daca am destui candidati. Daca da, atunci il arunc linistit. Daca nu, il pun in lista cu rezerve, cu inima indoita, dar undeva la coada.<\/p>\n<p>Daca ajung sa ma intalnesc cu candidatul din Str. Gen. Aviator Gala Galaction nr. 24, Bl. A2, Sc. C, Et. 3, Ap. 18, Sectorul 2 Bucuresti, Romania, totusi, il mai intreb din cand in cand de ce a pus toate acelea adrese in CV, la fiecare job in parte. Stiu bine raspunsul, dar o fac asa, din sadism&#8230;<\/p>\n<ul>\n<li>Pai asa e formularul acesta de CV, cu adresa angajatorului! \u2013 vine raspunsul, invariabil, intotdeauna la pachet cu o mare mirare asupra sensului intrebarii mele.<\/li>\n<li>Si daca nu o puneai, ce se intampla? Aruncam eu CV-ul, pentru ca nu e complet?<\/li>\n<li>Cum sa nu o pun, daca asa e formularul???<\/li>\n<li>Pai puteai, de pilda, sa stergi doua cuvinte de acolo, ca e in Word, e editabil. Puneai mausul pe si adresa, trageai spre dreapta, si apoi apasai pe delete, si gata, nu mai era! Si nici nu te mai simteai cu inima incarcata ca ai lasat o casuta necompletata&#8230;<\/li>\n<li>Cum sa sterg eu, daca asa e formularul asta de CV, in toata Europa???<\/li>\n<li>Da, domnule candidat la postul de CEO, asa e formularul asta de CV, intr-adevar! Si nici nu-si imagina domnisoara Am\u00e9lie cate servicii nebanuite ne va aduce noua, recrutorilor, zeci si zeci de ani dupa aceea&#8230; Dar aceste ultime cuvinte le spun in gand, intotdeauna!<\/li>\n<\/ul>\n<p>Ca sa reformulez si sa sintetizez: asadar, cum ati reactiona cand trebuie sa recrutati un CEO la o firma serioasa si importanta, si primiti un astfel de CV, in care experienta candidatului este foarte apropiata de ceea ce cautati?<\/p>\n<div id=\"polls-168\" class=\"wp-polls\">\n\t<form id=\"polls_form_168\" class=\"wp-polls-form\" action=\"\/blog\/index.php\" method=\"post\">\n\t\t<p style=\"display: none;\"><input type=\"hidden\" id=\"poll_168_nonce\" name=\"wp-polls-nonce\" value=\"69aa0907ae\" \/><\/p>\n\t\t<p style=\"display: none;\"><input type=\"hidden\" name=\"poll_id\" value=\"168\" \/><\/p>\n\t\t<p style=\"text-align: center;\"><strong>Prima mea reactie este sa...<\/strong><\/p><div id=\"polls-168-ans\" class=\"wp-polls-ans\"><ul class=\"wp-polls-ul\">\n\t\t<li><input type=\"radio\" id=\"poll-answer-866\" name=\"poll_168\" value=\"866\" \/> <label for=\"poll-answer-866\">Nu am nicio reactie, conteaza ce stie omul sa faca, nu cum isi scrie CV-ul<\/label><\/li>\n\t\t<li><input type=\"radio\" id=\"poll-answer-867\" name=\"poll_168\" value=\"867\" \/> <label for=\"poll-answer-867\">Il chem la interviu, pentru ca si CV-ul meu e la fel<\/label><\/li>\n\t\t<li><input type=\"radio\" id=\"poll-answer-868\" name=\"poll_168\" value=\"868\" \/> <label for=\"poll-answer-868\">Zambesc si-l pun in lista de rezerve<\/label><\/li>\n\t\t<li><input type=\"radio\" id=\"poll-answer-869\" name=\"poll_168\" value=\"869\" \/> <label for=\"poll-answer-869\">Il arunc<\/label><\/li>\n\t\t<li><input type=\"radio\" id=\"poll-answer-870\" name=\"poll_168\" value=\"870\" \/> <label for=\"poll-answer-870\">Nu stiu\/ nu raspund<\/label><\/li>\n\t\t<\/ul><p style=\"text-align: center;\"><input type=\"button\" name=\"vote\" value=\"   Vote   \" class=\"Buttons\" onclick=\"poll_vote(168);\" \/><\/p><p style=\"text-align: center;\"><a href=\"#ViewPollResults\" onclick=\"poll_result(168); return false;\" title=\"View Results Of This Poll\">View Results<\/a><\/p><\/div>\n\t<\/form>\n<\/div>\n<div id=\"polls-168-loading\" class=\"wp-polls-loading\"><img loading=\"lazy\" decoding=\"async\" src=\"https:\/\/www.georgebutunoiu.com\/blog\/wp-content\/plugins\/wp-polls\/images\/loading.gif\" width=\"16\" height=\"16\" alt=\"Loading ...\" title=\"Loading ...\" class=\"wp-polls-image\" \/>&nbsp;Loading ...<\/div>\n\n<div id=\"attachment_9676\" style=\"width: 525px\" class=\"wp-caption alignleft\"><a href=\"https:\/\/www.georgebutunoiu.com\/blog\/wp-content\/uploads\/2020\/10\/CV-European.jpg\"><img loading=\"lazy\" decoding=\"async\" aria-describedby=\"caption-attachment-9676\" class=\"wp-image-9676\" title=\"CV European\" src=\"https:\/\/www.georgebutunoiu.com\/blog\/wp-content\/uploads\/2020\/10\/CV-European.jpg\" alt=\"CV European\" width=\"515\" height=\"359\" srcset=\"https:\/\/www.georgebutunoiu.com\/blog\/wp-content\/uploads\/2020\/10\/CV-European.jpg 665w, https:\/\/www.georgebutunoiu.com\/blog\/wp-content\/uploads\/2020\/10\/CV-European-300x209.jpg 300w\" sizes=\"auto, (max-width: 515px) 100vw, 515px\" \/><\/a><p id=\"caption-attachment-9676\" class=\"wp-caption-text\">CV European<\/p><\/div>\n","protected":false},"excerpt":{"rendered":"<p>Intr-o buna dimineata, pe la 12:15 \u2013 12:30h, un Inalt Demnitar de la Bruxelles o cheama pe secretara nr. 11, secretara sa preferata (foto): Am\u00e9lie, ma ch\u00e9rie, sefu nous a demand\u00e9 sa facem un model de CV care sa fie desormais modelul unic de CV in UE. Mais, mon tr\u00e8s, tr\u00e8s cher et tr\u00e8s, tr\u00e8s [&hellip;]<\/p>\n","protected":false},"author":2,"featured_media":0,"comment_status":"open","ping_status":"open","sticky":false,"template":"","format":"standard","meta":{"_acf_changed":false,"footnotes":""},"categories":[2],"tags":[],"class_list":["post-9669","post","type-post","status-publish","format-standard","hentry","category-home"],"acf":{"cc_filter":[],"poza_fixa":"https:\/\/www.georgebutunoiu.com\/blog\/wp-content\/uploads\/2020\/04\/Interviu-1.jpg","url_poza_fixa":"","oras":"","sector":"","zona":"","in_strainatate":false,"pian":false,"orga":false,"data1":1601722158,"data2":"","afiseaza_data_post":false,"acf_sala":"","centru_cultural":"","articole_parinte":"","articole_relationate":"","coordonate":false,"tab1_nume":"Despre","tab3":false,"tab5":false,"tab4":false},"yoast_head":"<!-- This site is optimized with the Yoast SEO plugin v27.2 - https:\/\/yoast.com\/product\/yoast-seo-wordpress\/ -->\n<title>Ati angaja un CEO care-si pune adresa angajatorului in CV? - Blog GB<\/title>\n<meta name=\"description\" content=\"Si s-au pus pe treaba Am\u00e9lie et le chauffeur, au muncit pe rupte, dar a meritat: rezultatul a fost Le CV Europ\u00e9en Europas, atat de drag si in Romania\" \/>\n<meta name=\"robots\" content=\"index, follow, max-snippet:-1, max-image-preview:large, max-video-preview:-1\" \/>\n<link rel=\"canonical\" href=\"https:\/\/www.georgebutunoiu.com\/blog\/ati-angaja-un-ceo-care-si-pune-adresa-angajatorului-in-cv\/\" \/>\n<meta property=\"og:locale\" content=\"en_US\" \/>\n<meta property=\"og:type\" content=\"article\" \/>\n<meta property=\"og:title\" content=\"Ati angaja un CEO care-si pune adresa angajatorului in CV?\" \/>\n<meta property=\"og:description\" content=\"Si s-au pus pe treaba Am\u00e9lie et le chauffeur, au muncit pe rupte, dar a meritat: rezultatul a fost Le CV Europ\u00e9en Europas, atat de drag si candidatilor din Romania.\" \/>\n<meta property=\"og:url\" content=\"https:\/\/www.georgebutunoiu.com\/blog\/ati-angaja-un-ceo-care-si-pune-adresa-angajatorului-in-cv\/\" \/>\n<meta property=\"og:site_name\" content=\"Blog GB\" \/>\n<meta property=\"article:published_time\" content=\"2020-10-03T07:59:46+00:00\" \/>\n<meta property=\"article:modified_time\" content=\"2020-10-05T10:23:22+00:00\" \/>\n<meta property=\"og:image\" content=\"https:\/\/www.georgebutunoiu.com\/blog\/wp-content\/uploads\/2020\/04\/Interviu-1.jpg\" \/>\n\t<meta property=\"og:image:width\" content=\"900\" \/>\n\t<meta property=\"og:image:height\" content=\"599\" \/>\n\t<meta property=\"og:image:type\" content=\"image\/jpeg\" \/>\n<meta name=\"author\" content=\"George Butunoiu\" \/>\n<meta name=\"twitter:card\" content=\"summary_large_image\" \/>\n<meta name=\"twitter:label1\" content=\"Written by\" \/>\n\t<meta name=\"twitter:data1\" content=\"George Butunoiu\" \/>\n\t<meta name=\"twitter:label2\" content=\"Est. reading time\" \/>\n\t<meta name=\"twitter:data2\" content=\"3 minutes\" \/>\n<script type=\"application\/ld+json\" class=\"yoast-schema-graph\">{\"@context\":\"https:\/\/schema.org\",\"@graph\":[{\"@type\":\"Article\",\"@id\":\"https:\/\/www.georgebutunoiu.com\/blog\/ati-angaja-un-ceo-care-si-pune-adresa-angajatorului-in-cv\/#article\",\"isPartOf\":{\"@id\":\"https:\/\/www.georgebutunoiu.com\/blog\/ati-angaja-un-ceo-care-si-pune-adresa-angajatorului-in-cv\/\"},\"author\":{\"name\":\"George Butunoiu\",\"@id\":\"https:\/\/www.georgebutunoiu.com\/blog\/#\/schema\/person\/0c59baa9b990951251efe82ee1e8bbb2\"},\"headline\":\"Ati angaja un CEO care-si pune adresa angajatorului in CV?\",\"datePublished\":\"2020-10-03T07:59:46+00:00\",\"dateModified\":\"2020-10-05T10:23:22+00:00\",\"mainEntityOfPage\":{\"@id\":\"https:\/\/www.georgebutunoiu.com\/blog\/ati-angaja-un-ceo-care-si-pune-adresa-angajatorului-in-cv\/\"},\"wordCount\":658,\"commentCount\":18,\"publisher\":{\"@id\":\"https:\/\/www.georgebutunoiu.com\/blog\/#\/schema\/person\/0c59baa9b990951251efe82ee1e8bbb2\"},\"image\":{\"@id\":\"https:\/\/www.georgebutunoiu.com\/blog\/ati-angaja-un-ceo-care-si-pune-adresa-angajatorului-in-cv\/#primaryimage\"},\"thumbnailUrl\":\"https:\/\/www.georgebutunoiu.com\/blog\/wp-content\/uploads\/2020\/10\/CV-European.jpg\",\"articleSection\":[\"Blog George Butunoiu\"],\"inLanguage\":\"en-US\",\"potentialAction\":[{\"@type\":\"CommentAction\",\"name\":\"Comment\",\"target\":[\"https:\/\/www.georgebutunoiu.com\/blog\/ati-angaja-un-ceo-care-si-pune-adresa-angajatorului-in-cv\/#respond\"]}]},{\"@type\":\"WebPage\",\"@id\":\"https:\/\/www.georgebutunoiu.com\/blog\/ati-angaja-un-ceo-care-si-pune-adresa-angajatorului-in-cv\/\",\"url\":\"https:\/\/www.georgebutunoiu.com\/blog\/ati-angaja-un-ceo-care-si-pune-adresa-angajatorului-in-cv\/\",\"name\":\"Ati angaja un CEO care-si pune adresa angajatorului in CV? - Blog GB\",\"isPartOf\":{\"@id\":\"https:\/\/www.georgebutunoiu.com\/blog\/#website\"},\"primaryImageOfPage\":{\"@id\":\"https:\/\/www.georgebutunoiu.com\/blog\/ati-angaja-un-ceo-care-si-pune-adresa-angajatorului-in-cv\/#primaryimage\"},\"image\":{\"@id\":\"https:\/\/www.georgebutunoiu.com\/blog\/ati-angaja-un-ceo-care-si-pune-adresa-angajatorului-in-cv\/#primaryimage\"},\"thumbnailUrl\":\"https:\/\/www.georgebutunoiu.com\/blog\/wp-content\/uploads\/2020\/10\/CV-European.jpg\",\"datePublished\":\"2020-10-03T07:59:46+00:00\",\"dateModified\":\"2020-10-05T10:23:22+00:00\",\"description\":\"Si s-au pus pe treaba Am\u00e9lie et le chauffeur, au muncit pe rupte, dar a meritat: rezultatul a fost Le CV Europ\u00e9en Europas, atat de drag si in Romania\",\"breadcrumb\":{\"@id\":\"https:\/\/www.georgebutunoiu.com\/blog\/ati-angaja-un-ceo-care-si-pune-adresa-angajatorului-in-cv\/#breadcrumb\"},\"inLanguage\":\"en-US\",\"potentialAction\":[{\"@type\":\"ReadAction\",\"target\":[\"https:\/\/www.georgebutunoiu.com\/blog\/ati-angaja-un-ceo-care-si-pune-adresa-angajatorului-in-cv\/\"]}]},{\"@type\":\"ImageObject\",\"inLanguage\":\"en-US\",\"@id\":\"https:\/\/www.georgebutunoiu.com\/blog\/ati-angaja-un-ceo-care-si-pune-adresa-angajatorului-in-cv\/#primaryimage\",\"url\":\"https:\/\/www.georgebutunoiu.com\/blog\/wp-content\/uploads\/2020\/10\/CV-European.jpg\",\"contentUrl\":\"https:\/\/www.georgebutunoiu.com\/blog\/wp-content\/uploads\/2020\/10\/CV-European.jpg\",\"width\":665,\"height\":464},{\"@type\":\"BreadcrumbList\",\"@id\":\"https:\/\/www.georgebutunoiu.com\/blog\/ati-angaja-un-ceo-care-si-pune-adresa-angajatorului-in-cv\/#breadcrumb\",\"itemListElement\":[{\"@type\":\"ListItem\",\"position\":1,\"name\":\"Home\",\"item\":\"https:\/\/www.georgebutunoiu.com\/blog\/\"},{\"@type\":\"ListItem\",\"position\":2,\"name\":\"Ati angaja un CEO care-si pune adresa angajatorului in CV?\"}]},{\"@type\":\"WebSite\",\"@id\":\"https:\/\/www.georgebutunoiu.com\/blog\/#website\",\"url\":\"https:\/\/www.georgebutunoiu.com\/blog\/\",\"name\":\"Blog GB\",\"description\":\"Blogul lui George Butunoiu\",\"publisher\":{\"@id\":\"https:\/\/www.georgebutunoiu.com\/blog\/#\/schema\/person\/0c59baa9b990951251efe82ee1e8bbb2\"},\"potentialAction\":[{\"@type\":\"SearchAction\",\"target\":{\"@type\":\"EntryPoint\",\"urlTemplate\":\"https:\/\/www.georgebutunoiu.com\/blog\/?s={search_term_string}\"},\"query-input\":{\"@type\":\"PropertyValueSpecification\",\"valueRequired\":true,\"valueName\":\"search_term_string\"}}],\"inLanguage\":\"en-US\"},{\"@type\":[\"Person\",\"Organization\"],\"@id\":\"https:\/\/www.georgebutunoiu.com\/blog\/#\/schema\/person\/0c59baa9b990951251efe82ee1e8bbb2\",\"name\":\"George Butunoiu\",\"image\":{\"@type\":\"ImageObject\",\"inLanguage\":\"en-US\",\"@id\":\"https:\/\/secure.gravatar.com\/avatar\/89c187ed2ae04eb93934b0547ec74260f4916e9e6d474dc9fc60e42c6f3533f1?s=96&r=g\",\"url\":\"https:\/\/secure.gravatar.com\/avatar\/89c187ed2ae04eb93934b0547ec74260f4916e9e6d474dc9fc60e42c6f3533f1?s=96&r=g\",\"contentUrl\":\"https:\/\/secure.gravatar.com\/avatar\/89c187ed2ae04eb93934b0547ec74260f4916e9e6d474dc9fc60e42c6f3533f1?s=96&r=g\",\"caption\":\"George Butunoiu\"},\"logo\":{\"@id\":\"https:\/\/secure.gravatar.com\/avatar\/89c187ed2ae04eb93934b0547ec74260f4916e9e6d474dc9fc60e42c6f3533f1?s=96&r=g\"}}]}<\/script>\n<!-- \/ Yoast SEO plugin. -->","yoast_head_json":{"title":"Ati angaja un CEO care-si pune adresa angajatorului in CV? - Blog GB","description":"Si s-au pus pe treaba Am\u00e9lie et le chauffeur, au muncit pe rupte, dar a meritat: rezultatul a fost Le CV Europ\u00e9en Europas, atat de drag si in Romania","robots":{"index":"index","follow":"follow","max-snippet":"max-snippet:-1","max-image-preview":"max-image-preview:large","max-video-preview":"max-video-preview:-1"},"canonical":"https:\/\/www.georgebutunoiu.com\/blog\/ati-angaja-un-ceo-care-si-pune-adresa-angajatorului-in-cv\/","og_locale":"en_US","og_type":"article","og_title":"Ati angaja un CEO care-si pune adresa angajatorului in CV?","og_description":"Si s-au pus pe treaba Am\u00e9lie et le chauffeur, au muncit pe rupte, dar a meritat: rezultatul a fost Le CV Europ\u00e9en Europas, atat de drag si candidatilor din Romania.","og_url":"https:\/\/www.georgebutunoiu.com\/blog\/ati-angaja-un-ceo-care-si-pune-adresa-angajatorului-in-cv\/","og_site_name":"Blog GB","article_published_time":"2020-10-03T07:59:46+00:00","article_modified_time":"2020-10-05T10:23:22+00:00","og_image":[{"width":900,"height":599,"url":"https:\/\/www.georgebutunoiu.com\/blog\/wp-content\/uploads\/2020\/04\/Interviu-1.jpg","type":"image\/jpeg"}],"author":"George Butunoiu","twitter_card":"summary_large_image","twitter_misc":{"Written by":"George Butunoiu","Est. reading time":"3 minutes"},"schema":{"@context":"https:\/\/schema.org","@graph":[{"@type":"Article","@id":"https:\/\/www.georgebutunoiu.com\/blog\/ati-angaja-un-ceo-care-si-pune-adresa-angajatorului-in-cv\/#article","isPartOf":{"@id":"https:\/\/www.georgebutunoiu.com\/blog\/ati-angaja-un-ceo-care-si-pune-adresa-angajatorului-in-cv\/"},"author":{"name":"George Butunoiu","@id":"https:\/\/www.georgebutunoiu.com\/blog\/#\/schema\/person\/0c59baa9b990951251efe82ee1e8bbb2"},"headline":"Ati angaja un CEO care-si pune adresa angajatorului in CV?","datePublished":"2020-10-03T07:59:46+00:00","dateModified":"2020-10-05T10:23:22+00:00","mainEntityOfPage":{"@id":"https:\/\/www.georgebutunoiu.com\/blog\/ati-angaja-un-ceo-care-si-pune-adresa-angajatorului-in-cv\/"},"wordCount":658,"commentCount":18,"publisher":{"@id":"https:\/\/www.georgebutunoiu.com\/blog\/#\/schema\/person\/0c59baa9b990951251efe82ee1e8bbb2"},"image":{"@id":"https:\/\/www.georgebutunoiu.com\/blog\/ati-angaja-un-ceo-care-si-pune-adresa-angajatorului-in-cv\/#primaryimage"},"thumbnailUrl":"https:\/\/www.georgebutunoiu.com\/blog\/wp-content\/uploads\/2020\/10\/CV-European.jpg","articleSection":["Blog George Butunoiu"],"inLanguage":"en-US","potentialAction":[{"@type":"CommentAction","name":"Comment","target":["https:\/\/www.georgebutunoiu.com\/blog\/ati-angaja-un-ceo-care-si-pune-adresa-angajatorului-in-cv\/#respond"]}]},{"@type":"WebPage","@id":"https:\/\/www.georgebutunoiu.com\/blog\/ati-angaja-un-ceo-care-si-pune-adresa-angajatorului-in-cv\/","url":"https:\/\/www.georgebutunoiu.com\/blog\/ati-angaja-un-ceo-care-si-pune-adresa-angajatorului-in-cv\/","name":"Ati angaja un CEO care-si pune adresa angajatorului in CV? - Blog GB","isPartOf":{"@id":"https:\/\/www.georgebutunoiu.com\/blog\/#website"},"primaryImageOfPage":{"@id":"https:\/\/www.georgebutunoiu.com\/blog\/ati-angaja-un-ceo-care-si-pune-adresa-angajatorului-in-cv\/#primaryimage"},"image":{"@id":"https:\/\/www.georgebutunoiu.com\/blog\/ati-angaja-un-ceo-care-si-pune-adresa-angajatorului-in-cv\/#primaryimage"},"thumbnailUrl":"https:\/\/www.georgebutunoiu.com\/blog\/wp-content\/uploads\/2020\/10\/CV-European.jpg","datePublished":"2020-10-03T07:59:46+00:00","dateModified":"2020-10-05T10:23:22+00:00","description":"Si s-au pus pe treaba Am\u00e9lie et le chauffeur, au muncit pe rupte, dar a meritat: rezultatul a fost Le CV Europ\u00e9en Europas, atat de drag si in Romania","breadcrumb":{"@id":"https:\/\/www.georgebutunoiu.com\/blog\/ati-angaja-un-ceo-care-si-pune-adresa-angajatorului-in-cv\/#breadcrumb"},"inLanguage":"en-US","potentialAction":[{"@type":"ReadAction","target":["https:\/\/www.georgebutunoiu.com\/blog\/ati-angaja-un-ceo-care-si-pune-adresa-angajatorului-in-cv\/"]}]},{"@type":"ImageObject","inLanguage":"en-US","@id":"https:\/\/www.georgebutunoiu.com\/blog\/ati-angaja-un-ceo-care-si-pune-adresa-angajatorului-in-cv\/#primaryimage","url":"https:\/\/www.georgebutunoiu.com\/blog\/wp-content\/uploads\/2020\/10\/CV-European.jpg","contentUrl":"https:\/\/www.georgebutunoiu.com\/blog\/wp-content\/uploads\/2020\/10\/CV-European.jpg","width":665,"height":464},{"@type":"BreadcrumbList","@id":"https:\/\/www.georgebutunoiu.com\/blog\/ati-angaja-un-ceo-care-si-pune-adresa-angajatorului-in-cv\/#breadcrumb","itemListElement":[{"@type":"ListItem","position":1,"name":"Home","item":"https:\/\/www.georgebutunoiu.com\/blog\/"},{"@type":"ListItem","position":2,"name":"Ati angaja un CEO care-si pune adresa angajatorului in CV?"}]},{"@type":"WebSite","@id":"https:\/\/www.georgebutunoiu.com\/blog\/#website","url":"https:\/\/www.georgebutunoiu.com\/blog\/","name":"Blog GB","description":"Blogul lui George Butunoiu","publisher":{"@id":"https:\/\/www.georgebutunoiu.com\/blog\/#\/schema\/person\/0c59baa9b990951251efe82ee1e8bbb2"},"potentialAction":[{"@type":"SearchAction","target":{"@type":"EntryPoint","urlTemplate":"https:\/\/www.georgebutunoiu.com\/blog\/?s={search_term_string}"},"query-input":{"@type":"PropertyValueSpecification","valueRequired":true,"valueName":"search_term_string"}}],"inLanguage":"en-US"},{"@type":["Person","Organization"],"@id":"https:\/\/www.georgebutunoiu.com\/blog\/#\/schema\/person\/0c59baa9b990951251efe82ee1e8bbb2","name":"George Butunoiu","image":{"@type":"ImageObject","inLanguage":"en-US","@id":"https:\/\/secure.gravatar.com\/avatar\/89c187ed2ae04eb93934b0547ec74260f4916e9e6d474dc9fc60e42c6f3533f1?s=96&r=g","url":"https:\/\/secure.gravatar.com\/avatar\/89c187ed2ae04eb93934b0547ec74260f4916e9e6d474dc9fc60e42c6f3533f1?s=96&r=g","contentUrl":"https:\/\/secure.gravatar.com\/avatar\/89c187ed2ae04eb93934b0547ec74260f4916e9e6d474dc9fc60e42c6f3533f1?s=96&r=g","caption":"George Butunoiu"},"logo":{"@id":"https:\/\/secure.gravatar.com\/avatar\/89c187ed2ae04eb93934b0547ec74260f4916e9e6d474dc9fc60e42c6f3533f1?s=96&r=g"}}]}},"_links":{"self":[{"href":"https:\/\/www.georgebutunoiu.com\/blog\/wp-json\/wp\/v2\/posts\/9669","targetHints":{"allow":["GET"]}}],"collection":[{"href":"https:\/\/www.georgebutunoiu.com\/blog\/wp-json\/wp\/v2\/posts"}],"about":[{"href":"https:\/\/www.georgebutunoiu.com\/blog\/wp-json\/wp\/v2\/types\/post"}],"author":[{"embeddable":true,"href":"https:\/\/www.georgebutunoiu.com\/blog\/wp-json\/wp\/v2\/users\/2"}],"replies":[{"embeddable":true,"href":"https:\/\/www.georgebutunoiu.com\/blog\/wp-json\/wp\/v2\/comments?post=9669"}],"version-history":[{"count":8,"href":"https:\/\/www.georgebutunoiu.com\/blog\/wp-json\/wp\/v2\/posts\/9669\/revisions"}],"predecessor-version":[{"id":9678,"href":"https:\/\/www.georgebutunoiu.com\/blog\/wp-json\/wp\/v2\/posts\/9669\/revisions\/9678"}],"wp:attachment":[{"href":"https:\/\/www.georgebutunoiu.com\/blog\/wp-json\/wp\/v2\/media?parent=9669"}],"wp:term":[{"taxonomy":"category","embeddable":true,"href":"https:\/\/www.georgebutunoiu.com\/blog\/wp-json\/wp\/v2\/categories?post=9669"},{"taxonomy":"post_tag","embeddable":true,"href":"https:\/\/www.georgebutunoiu.com\/blog\/wp-json\/wp\/v2\/tags?post=9669"}],"curies":[{"name":"wp","href":"https:\/\/api.w.org\/{rel}","templated":true}]}}