{"id":10047,"date":"2026-03-19T08:21:39","date_gmt":"2026-03-19T08:21:39","guid":{"rendered":"https:\/\/www.georgebutunoiu.com\/blog\/?p=10047"},"modified":"2026-03-19T19:51:45","modified_gmt":"2026-03-19T19:51:45","slug":"problemele-in-lant-pentru-cei-de-50","status":"publish","type":"post","link":"https:\/\/www.georgebutunoiu.com\/blog\/problemele-in-lant-pentru-cei-de-50\/","title":{"rendered":"Problemele \u00een lan\u021b pentru cei de 50 \u0219i"},"content":{"rendered":"<p>M-a rugat cineva s\u0103 fac o compara\u021bie cu anii 90 \u2013 2,000 pentru angaja\u021bii 50+, cum se raportau angajatorii la ei atunci \u0219i acum. Ca s\u0103 \u00eencep direct cu concluzia, cei de 40+ de atunci (nici nu mai zic de 50+!) i-ar invidia pe cei de acum, pentru c\u00e2t de bine o duc&#8230;<\/p>\n<p>Atunci recrutam doar pentru firme str\u0103ine. Cred c\u0103 abia dup\u0103 16 ani am avut primul client rom\u00e2n. Or, angajatorii str\u0103ini erau paraliza\u021bi, erau \u00eenghe\u021ba\u021bi de frica \u201ecomunismului\u201d din angaja\u021bii de peste 30 de ani. Ca s\u0103 nu mai zic de cei de 40+. Iar cei de 50+ erau total, dar total exclu\u0219i. Chiar \u0219i din discu\u021bii, de parc\u0103 ar fi vorbit despre necuratul. Preferau s\u0103 aduc\u0103 expa\u021bi de-ai lor, de 10-15 ori mai scumpi, numai s\u0103 nu le infecteze afacerea comunismul din bie\u021bii oameni.<\/p>\n<p>Pentru pozi\u021biile de top management, \u00eendeosebi, evaluarea candida\u021bilor se f\u0103cea aproape exclusiv pe m\u0103surarea comunismului din fiecare candidat \u0219i a riscurilor asociate fiec\u0103rei \u201econcentra\u021bii\u201d. La technical skills erau oricum \u0219anse reduse s\u0103 g\u0103seasc\u0103 pe pia\u021b\u0103 ce c\u0103utau, a\u0219a c\u0103 se bazau mai mult pe ce puteau transfera de la ei de acolo. Iar managerial skills nu aveau unde s\u0103 g\u0103seasc\u0103 aici, \u00een anii aceia, deci porneau de la \u00eenceput de la ipoteza c\u0103 = 0. A\u0219a c\u0103, cel mai important era profilul de personalitate \u0219i gradul de infectare, pentru ca noul manager s\u0103 fac\u0103 o adaptare rapid\u0103, solid\u0103, \u0219i mai ales ireversibil\u0103 c\u0103tre modelele lor manageriale.<\/p>\n<p>Dup\u0103 2000 nu se mai speriau prea tare de cei de 40+, dar pe cei de 50+ tot \u00eei evitau. \u0218i nu doar din cauza infec\u021biei. Iar de prin 2010 infec\u021bia cu comunism nu a mai ap\u0103rut \u00een discu\u021bii dec\u00e2t absolut sporadic, nesemnificativ.<\/p>\n<p>Atunci cei de 50+ \u0219i-au zis c\u0103, \u00een sf\u00e2r\u0219it, vor avea \u0219i ei o via\u021ba mai bun\u0103. Dar nu a fost s\u0103 fie! C\u00e2nd Internetul era deja generalizat, a ap\u0103rut alt\u0103 problem\u0103 pentru ei. F\u0103r\u0103 rezolvare \u0219i f\u0103r\u0103 \u00eentoarcere pentru ei de data aceasta, din p\u0103cate. Internetul, \u0219i tot avansul tehnologic din ce \u00een ce mai accelerat \u0219i mai diversificat, a \u00eenceput s\u0103 le \u201em\u0103n\u00e2nce\u201d din cel mai important \u201easset\u201d al lor (\u0219i singurul, pentru marea majoritate): experien\u021ba, capitalul lor tehnic \u0219i managerial!<\/p>\n<p>Fiindc\u0103 da! Pe de o parte, schimb\u0103rile din ce \u00een ce mai dese \u0219i mai profunde din tehnologie, din rela\u021biile sociale \u0219i management, \u00een general, fac nefolositoare o parte din acest capital mai repede dec\u00e2t cred ei. Dar, mai ales, transferul de know-how nu se mai face ast\u0103zi le fel ca acum 30-40 de ani prin contact \u0219i transfer personal direct, vizual \u0219i senzorial, prin mimetism de la me\u0219ter la ucenic, de la manager la subordonat, de la specialist la \u00eencep\u0103tor. Ci acest transfer se face acum prin mai multe canale, mai variate. Ceea ce \u00eel face din ce \u00een ce mai rar de ne\u00eenlocuit pe venerabilul experimentat.<\/p>\n<p>A\u0219adar, problemele s-au \u021binut lan\u021b de 50+. Ce crede\u021bi c\u0103 le rezerv\u0103 viitorul?<\/p>\n","protected":false},"excerpt":{"rendered":"<p>M-a rugat cineva s\u0103 fac o compara\u021bie cu anii 90 \u2013 2,000 pentru angaja\u021bii 50+, cum se raportau angajatorii la ei atunci \u0219i acum. Ca s\u0103 \u00eencep direct cu concluzia, cei de 40+ de atunci (nici nu mai zic de 50+!) i-ar invidia pe cei de acum, pentru c\u00e2t de bine o duc&#8230; Atunci recrutam [&hellip;]<\/p>\n","protected":false},"author":2,"featured_media":0,"comment_status":"open","ping_status":"open","sticky":false,"template":"","format":"standard","meta":{"_acf_changed":false,"footnotes":""},"categories":[2],"tags":[],"class_list":["post-10047","post","type-post","status-publish","format-standard","hentry","category-home"],"acf":{"cc_filter":[],"poza_fixa":"https:\/\/www.georgebutunoiu.com\/blog\/wp-content\/uploads\/2016\/09\/George-Butunoiu-fost-elev-LVA.jpg","url_poza_fixa":"","format_poza_fixa":"full-img-4-3","oras":"","sector":"","zona":"","in_strainatate":false,"pian":false,"orga":false,"data1":1773915203,"data2":"","afiseaza_data_post":false,"acf_sala":"","centru_cultural":"","articole_parinte":"","articole_relationate":"","coordonate":false,"tab1_nume":"Despre","tab3":false,"tab5":false,"tab4":false},"yoast_head":"<!-- This site is optimized with the Yoast SEO plugin v27.2 - https:\/\/yoast.com\/product\/yoast-seo-wordpress\/ -->\n<title>Problemele \u00een lan\u021b pentru cei de 50 \u0219i - Blog GB<\/title>\n<meta name=\"description\" content=\"Atunci cei de 50+ \u0219i-au zis c\u0103, \u00een sf\u00e2r\u0219it, vor avea \u0219i ei o via\u021ba mai bun\u0103. Dar nu a fost s\u0103 fie! C\u00e2nd Internetul era deja generalizat, a ap\u0103rut alt\u0103...\" \/>\n<meta name=\"robots\" content=\"index, follow, max-snippet:-1, max-image-preview:large, max-video-preview:-1\" \/>\n<link rel=\"canonical\" href=\"https:\/\/www.georgebutunoiu.com\/blog\/problemele-in-lant-pentru-cei-de-50\/\" \/>\n<meta property=\"og:locale\" content=\"en_US\" \/>\n<meta property=\"og:type\" content=\"article\" \/>\n<meta property=\"og:title\" content=\"Problemele \u00een lan\u021b pentru cei de 50 \u0219i - Blog GB\" \/>\n<meta property=\"og:description\" content=\"Atunci cei de 50+ \u0219i-au zis c\u0103, \u00een sf\u00e2r\u0219it, vor avea \u0219i ei o via\u021ba mai bun\u0103. Dar nu a fost s\u0103 fie! C\u00e2nd Internetul era deja generalizat, a ap\u0103rut alt\u0103 problem\u0103 pentru ei. F\u0103r\u0103 rezolvare \u0219i f\u0103r\u0103 \u00eentoarcere pentru ei de data aceasta, din p\u0103cate.\" \/>\n<meta property=\"og:url\" content=\"https:\/\/www.georgebutunoiu.com\/blog\/problemele-in-lant-pentru-cei-de-50\/\" \/>\n<meta property=\"og:site_name\" content=\"Blog GB\" \/>\n<meta property=\"article:published_time\" content=\"2026-03-19T08:21:39+00:00\" \/>\n<meta property=\"article:modified_time\" content=\"2026-03-19T19:51:45+00:00\" \/>\n<meta property=\"og:image\" content=\"https:\/\/www.georgebutunoiu.com\/blog\/wp-content\/uploads\/2021\/02\/George-Butunoiu-si-urata-lui-pagina-Linkedin-1.jpg\" \/>\n\t<meta property=\"og:image:width\" content=\"1000\" \/>\n\t<meta property=\"og:image:height\" content=\"653\" \/>\n\t<meta property=\"og:image:type\" content=\"image\/jpeg\" \/>\n<meta name=\"author\" content=\"George Butunoiu\" \/>\n<meta name=\"twitter:card\" content=\"summary_large_image\" \/>\n<meta name=\"twitter:label1\" content=\"Written by\" \/>\n\t<meta name=\"twitter:data1\" content=\"George Butunoiu\" \/>\n\t<meta name=\"twitter:label2\" content=\"Est. reading time\" \/>\n\t<meta name=\"twitter:data2\" content=\"3 minutes\" \/>\n<script type=\"application\/ld+json\" class=\"yoast-schema-graph\">{\"@context\":\"https:\/\/schema.org\",\"@graph\":[{\"@type\":\"Article\",\"@id\":\"https:\/\/www.georgebutunoiu.com\/blog\/problemele-in-lant-pentru-cei-de-50\/#article\",\"isPartOf\":{\"@id\":\"https:\/\/www.georgebutunoiu.com\/blog\/problemele-in-lant-pentru-cei-de-50\/\"},\"author\":{\"name\":\"George Butunoiu\",\"@id\":\"https:\/\/www.georgebutunoiu.com\/blog\/#\/schema\/person\/0c59baa9b990951251efe82ee1e8bbb2\"},\"headline\":\"Problemele \u00een lan\u021b pentru cei de 50 \u0219i\",\"datePublished\":\"2026-03-19T08:21:39+00:00\",\"dateModified\":\"2026-03-19T19:51:45+00:00\",\"mainEntityOfPage\":{\"@id\":\"https:\/\/www.georgebutunoiu.com\/blog\/problemele-in-lant-pentru-cei-de-50\/\"},\"wordCount\":530,\"commentCount\":0,\"publisher\":{\"@id\":\"https:\/\/www.georgebutunoiu.com\/blog\/#\/schema\/person\/0c59baa9b990951251efe82ee1e8bbb2\"},\"articleSection\":[\"Blog George Butunoiu\"],\"inLanguage\":\"en-US\",\"potentialAction\":[{\"@type\":\"CommentAction\",\"name\":\"Comment\",\"target\":[\"https:\/\/www.georgebutunoiu.com\/blog\/problemele-in-lant-pentru-cei-de-50\/#respond\"]}]},{\"@type\":\"WebPage\",\"@id\":\"https:\/\/www.georgebutunoiu.com\/blog\/problemele-in-lant-pentru-cei-de-50\/\",\"url\":\"https:\/\/www.georgebutunoiu.com\/blog\/problemele-in-lant-pentru-cei-de-50\/\",\"name\":\"Problemele \u00een lan\u021b pentru cei de 50 \u0219i - Blog GB\",\"isPartOf\":{\"@id\":\"https:\/\/www.georgebutunoiu.com\/blog\/#website\"},\"datePublished\":\"2026-03-19T08:21:39+00:00\",\"dateModified\":\"2026-03-19T19:51:45+00:00\",\"description\":\"Atunci cei de 50+ \u0219i-au zis c\u0103, \u00een sf\u00e2r\u0219it, vor avea \u0219i ei o via\u021ba mai bun\u0103. Dar nu a fost s\u0103 fie! C\u00e2nd Internetul era deja generalizat, a ap\u0103rut alt\u0103...\",\"breadcrumb\":{\"@id\":\"https:\/\/www.georgebutunoiu.com\/blog\/problemele-in-lant-pentru-cei-de-50\/#breadcrumb\"},\"inLanguage\":\"en-US\",\"potentialAction\":[{\"@type\":\"ReadAction\",\"target\":[\"https:\/\/www.georgebutunoiu.com\/blog\/problemele-in-lant-pentru-cei-de-50\/\"]}]},{\"@type\":\"BreadcrumbList\",\"@id\":\"https:\/\/www.georgebutunoiu.com\/blog\/problemele-in-lant-pentru-cei-de-50\/#breadcrumb\",\"itemListElement\":[{\"@type\":\"ListItem\",\"position\":1,\"name\":\"Home\",\"item\":\"https:\/\/www.georgebutunoiu.com\/blog\/\"},{\"@type\":\"ListItem\",\"position\":2,\"name\":\"Problemele \u00een lan\u021b pentru cei de 50 \u0219i\"}]},{\"@type\":\"WebSite\",\"@id\":\"https:\/\/www.georgebutunoiu.com\/blog\/#website\",\"url\":\"https:\/\/www.georgebutunoiu.com\/blog\/\",\"name\":\"Blog GB\",\"description\":\"Blogul lui George Butunoiu\",\"publisher\":{\"@id\":\"https:\/\/www.georgebutunoiu.com\/blog\/#\/schema\/person\/0c59baa9b990951251efe82ee1e8bbb2\"},\"potentialAction\":[{\"@type\":\"SearchAction\",\"target\":{\"@type\":\"EntryPoint\",\"urlTemplate\":\"https:\/\/www.georgebutunoiu.com\/blog\/?s={search_term_string}\"},\"query-input\":{\"@type\":\"PropertyValueSpecification\",\"valueRequired\":true,\"valueName\":\"search_term_string\"}}],\"inLanguage\":\"en-US\"},{\"@type\":[\"Person\",\"Organization\"],\"@id\":\"https:\/\/www.georgebutunoiu.com\/blog\/#\/schema\/person\/0c59baa9b990951251efe82ee1e8bbb2\",\"name\":\"George Butunoiu\",\"image\":{\"@type\":\"ImageObject\",\"inLanguage\":\"en-US\",\"@id\":\"https:\/\/secure.gravatar.com\/avatar\/89c187ed2ae04eb93934b0547ec74260f4916e9e6d474dc9fc60e42c6f3533f1?s=96&r=g\",\"url\":\"https:\/\/secure.gravatar.com\/avatar\/89c187ed2ae04eb93934b0547ec74260f4916e9e6d474dc9fc60e42c6f3533f1?s=96&r=g\",\"contentUrl\":\"https:\/\/secure.gravatar.com\/avatar\/89c187ed2ae04eb93934b0547ec74260f4916e9e6d474dc9fc60e42c6f3533f1?s=96&r=g\",\"caption\":\"George Butunoiu\"},\"logo\":{\"@id\":\"https:\/\/secure.gravatar.com\/avatar\/89c187ed2ae04eb93934b0547ec74260f4916e9e6d474dc9fc60e42c6f3533f1?s=96&r=g\"}}]}<\/script>\n<!-- \/ Yoast SEO plugin. -->","yoast_head_json":{"title":"Problemele \u00een lan\u021b pentru cei de 50 \u0219i - Blog GB","description":"Atunci cei de 50+ \u0219i-au zis c\u0103, \u00een sf\u00e2r\u0219it, vor avea \u0219i ei o via\u021ba mai bun\u0103. Dar nu a fost s\u0103 fie! C\u00e2nd Internetul era deja generalizat, a ap\u0103rut alt\u0103...","robots":{"index":"index","follow":"follow","max-snippet":"max-snippet:-1","max-image-preview":"max-image-preview:large","max-video-preview":"max-video-preview:-1"},"canonical":"https:\/\/www.georgebutunoiu.com\/blog\/problemele-in-lant-pentru-cei-de-50\/","og_locale":"en_US","og_type":"article","og_title":"Problemele \u00een lan\u021b pentru cei de 50 \u0219i - Blog GB","og_description":"Atunci cei de 50+ \u0219i-au zis c\u0103, \u00een sf\u00e2r\u0219it, vor avea \u0219i ei o via\u021ba mai bun\u0103. Dar nu a fost s\u0103 fie! C\u00e2nd Internetul era deja generalizat, a ap\u0103rut alt\u0103 problem\u0103 pentru ei. F\u0103r\u0103 rezolvare \u0219i f\u0103r\u0103 \u00eentoarcere pentru ei de data aceasta, din p\u0103cate.","og_url":"https:\/\/www.georgebutunoiu.com\/blog\/problemele-in-lant-pentru-cei-de-50\/","og_site_name":"Blog GB","article_published_time":"2026-03-19T08:21:39+00:00","article_modified_time":"2026-03-19T19:51:45+00:00","og_image":[{"width":1000,"height":653,"url":"https:\/\/www.georgebutunoiu.com\/blog\/wp-content\/uploads\/2021\/02\/George-Butunoiu-si-urata-lui-pagina-Linkedin-1.jpg","type":"image\/jpeg"}],"author":"George Butunoiu","twitter_card":"summary_large_image","twitter_misc":{"Written by":"George Butunoiu","Est. reading time":"3 minutes"},"schema":{"@context":"https:\/\/schema.org","@graph":[{"@type":"Article","@id":"https:\/\/www.georgebutunoiu.com\/blog\/problemele-in-lant-pentru-cei-de-50\/#article","isPartOf":{"@id":"https:\/\/www.georgebutunoiu.com\/blog\/problemele-in-lant-pentru-cei-de-50\/"},"author":{"name":"George Butunoiu","@id":"https:\/\/www.georgebutunoiu.com\/blog\/#\/schema\/person\/0c59baa9b990951251efe82ee1e8bbb2"},"headline":"Problemele \u00een lan\u021b pentru cei de 50 \u0219i","datePublished":"2026-03-19T08:21:39+00:00","dateModified":"2026-03-19T19:51:45+00:00","mainEntityOfPage":{"@id":"https:\/\/www.georgebutunoiu.com\/blog\/problemele-in-lant-pentru-cei-de-50\/"},"wordCount":530,"commentCount":0,"publisher":{"@id":"https:\/\/www.georgebutunoiu.com\/blog\/#\/schema\/person\/0c59baa9b990951251efe82ee1e8bbb2"},"articleSection":["Blog George Butunoiu"],"inLanguage":"en-US","potentialAction":[{"@type":"CommentAction","name":"Comment","target":["https:\/\/www.georgebutunoiu.com\/blog\/problemele-in-lant-pentru-cei-de-50\/#respond"]}]},{"@type":"WebPage","@id":"https:\/\/www.georgebutunoiu.com\/blog\/problemele-in-lant-pentru-cei-de-50\/","url":"https:\/\/www.georgebutunoiu.com\/blog\/problemele-in-lant-pentru-cei-de-50\/","name":"Problemele \u00een lan\u021b pentru cei de 50 \u0219i - Blog GB","isPartOf":{"@id":"https:\/\/www.georgebutunoiu.com\/blog\/#website"},"datePublished":"2026-03-19T08:21:39+00:00","dateModified":"2026-03-19T19:51:45+00:00","description":"Atunci cei de 50+ \u0219i-au zis c\u0103, \u00een sf\u00e2r\u0219it, vor avea \u0219i ei o via\u021ba mai bun\u0103. Dar nu a fost s\u0103 fie! C\u00e2nd Internetul era deja generalizat, a ap\u0103rut alt\u0103...","breadcrumb":{"@id":"https:\/\/www.georgebutunoiu.com\/blog\/problemele-in-lant-pentru-cei-de-50\/#breadcrumb"},"inLanguage":"en-US","potentialAction":[{"@type":"ReadAction","target":["https:\/\/www.georgebutunoiu.com\/blog\/problemele-in-lant-pentru-cei-de-50\/"]}]},{"@type":"BreadcrumbList","@id":"https:\/\/www.georgebutunoiu.com\/blog\/problemele-in-lant-pentru-cei-de-50\/#breadcrumb","itemListElement":[{"@type":"ListItem","position":1,"name":"Home","item":"https:\/\/www.georgebutunoiu.com\/blog\/"},{"@type":"ListItem","position":2,"name":"Problemele \u00een lan\u021b pentru cei de 50 \u0219i"}]},{"@type":"WebSite","@id":"https:\/\/www.georgebutunoiu.com\/blog\/#website","url":"https:\/\/www.georgebutunoiu.com\/blog\/","name":"Blog GB","description":"Blogul lui George Butunoiu","publisher":{"@id":"https:\/\/www.georgebutunoiu.com\/blog\/#\/schema\/person\/0c59baa9b990951251efe82ee1e8bbb2"},"potentialAction":[{"@type":"SearchAction","target":{"@type":"EntryPoint","urlTemplate":"https:\/\/www.georgebutunoiu.com\/blog\/?s={search_term_string}"},"query-input":{"@type":"PropertyValueSpecification","valueRequired":true,"valueName":"search_term_string"}}],"inLanguage":"en-US"},{"@type":["Person","Organization"],"@id":"https:\/\/www.georgebutunoiu.com\/blog\/#\/schema\/person\/0c59baa9b990951251efe82ee1e8bbb2","name":"George Butunoiu","image":{"@type":"ImageObject","inLanguage":"en-US","@id":"https:\/\/secure.gravatar.com\/avatar\/89c187ed2ae04eb93934b0547ec74260f4916e9e6d474dc9fc60e42c6f3533f1?s=96&r=g","url":"https:\/\/secure.gravatar.com\/avatar\/89c187ed2ae04eb93934b0547ec74260f4916e9e6d474dc9fc60e42c6f3533f1?s=96&r=g","contentUrl":"https:\/\/secure.gravatar.com\/avatar\/89c187ed2ae04eb93934b0547ec74260f4916e9e6d474dc9fc60e42c6f3533f1?s=96&r=g","caption":"George Butunoiu"},"logo":{"@id":"https:\/\/secure.gravatar.com\/avatar\/89c187ed2ae04eb93934b0547ec74260f4916e9e6d474dc9fc60e42c6f3533f1?s=96&r=g"}}]}},"_links":{"self":[{"href":"https:\/\/www.georgebutunoiu.com\/blog\/wp-json\/wp\/v2\/posts\/10047","targetHints":{"allow":["GET"]}}],"collection":[{"href":"https:\/\/www.georgebutunoiu.com\/blog\/wp-json\/wp\/v2\/posts"}],"about":[{"href":"https:\/\/www.georgebutunoiu.com\/blog\/wp-json\/wp\/v2\/types\/post"}],"author":[{"embeddable":true,"href":"https:\/\/www.georgebutunoiu.com\/blog\/wp-json\/wp\/v2\/users\/2"}],"replies":[{"embeddable":true,"href":"https:\/\/www.georgebutunoiu.com\/blog\/wp-json\/wp\/v2\/comments?post=10047"}],"version-history":[{"count":4,"href":"https:\/\/www.georgebutunoiu.com\/blog\/wp-json\/wp\/v2\/posts\/10047\/revisions"}],"predecessor-version":[{"id":10052,"href":"https:\/\/www.georgebutunoiu.com\/blog\/wp-json\/wp\/v2\/posts\/10047\/revisions\/10052"}],"wp:attachment":[{"href":"https:\/\/www.georgebutunoiu.com\/blog\/wp-json\/wp\/v2\/media?parent=10047"}],"wp:term":[{"taxonomy":"category","embeddable":true,"href":"https:\/\/www.georgebutunoiu.com\/blog\/wp-json\/wp\/v2\/categories?post=10047"},{"taxonomy":"post_tag","embeddable":true,"href":"https:\/\/www.georgebutunoiu.com\/blog\/wp-json\/wp\/v2\/tags?post=10047"}],"curies":[{"name":"wp","href":"https:\/\/api.w.org\/{rel}","templated":true}]}}